{"id":8022,"date":"2021-10-27T13:11:11","date_gmt":"2021-10-27T12:11:11","guid":{"rendered":"https:\/\/inclusioaltemporda.cat\/portal\/?p=8022"},"modified":"2021-11-04T09:35:39","modified_gmt":"2021-11-04T08:35:39","slug":"el-programa-habiba-dones-i-salut-comunitaria-a-lalt-emporda-celebra-la-seva-jornada-final","status":"publish","type":"post","link":"https:\/\/inclusioaltemporda.cat\/portal\/el-programa-habiba-dones-i-salut-comunitaria-a-lalt-emporda-celebra-la-seva-jornada-final\/","title":{"rendered":"El programa \u00abHabiba \u2013 Dones i Salut Comunit\u00e0ria a l\u2019Alt Empord\u00e0\u00bb celebra la seva jornada final"},"content":{"rendered":"<p align=\"justify\"><span style=\"color: #000000;\"><span style=\"font-family: Tahoma, serif;\"><span style=\"font-size: small;\">El proper 19 de novembre, l\u2019Equip d\u2019Inclusi\u00f3 i Atenci\u00f3 a la Comunitat organitza una sessi\u00f3 webinar de presentaci\u00f3 de resultats del programa \u00abHabiba \u2013 Dones i Salut Comunit\u00e0ria a l\u2019Alt Empord\u00e0\u00bb.<\/span><\/span><\/span><\/p>\n<p lang=\"es-ES\" align=\"justify\"><span style=\"color: #000000;\"><span style=\"font-family: Verdana, serif;\"><span style=\"font-size: small;\"><span style=\"font-family: Tahoma, serif;\"><span lang=\"ca-ES\">En aquesta sessi\u00f3, a la qual assistiran la Presidenta del Consell Comarcal de l\u2019Alt Empord\u00e0, S\u00f2nia Mart\u00ednez Juli, i Yolanda Altimiras, responsable territorial <\/span><\/span><span style=\"font-family: Tahoma, serif;\"><span lang=\"ca-ES\">de la Fundaci\u00f3 \u201dla Caixa\u201d a Catalunya, es presentaran els resultats i les principals l\u00ednies de treball endegades en el marc del programa.<\/span><\/span><\/span><\/span><\/span><\/p>\n<p lang=\"es-ES\" align=\"justify\"><span style=\"color: #000000;\"><span style=\"font-family: Verdana, serif;\"><span style=\"font-size: small;\"><span style=\"font-family: Tahoma, serif;\"><span lang=\"ca-ES\">El projecte Habiba, finan\u00e7at per la Convocat\u00f2ria Interculturalitat i Acci\u00f3 Social 2020 de la Fundaci\u00f3 \u201cla Caixa\u201d, que s\u2019ha executat en el decurs de tot l\u2019any 2020 al municipi de Sant Pere Pescador, t\u00e9 com a principal objectiu promoure l\u2019equitat en l\u2019exercici del dret a la salut i l\u2019acc\u00e9s al sistema de salut de les dones d\u2019origen migrant de la comarca.<\/span><\/span><\/span><\/span><\/span><\/p>\n<p align=\"justify\"><span style=\"color: #000000;\"><span style=\"font-family: Tahoma, serif;\"><span style=\"font-size: small;\">El Programa Habiba ha comptat amb la col\u00b7laboraci\u00f3 de l\u2019Associaci\u00f3 Amunt i Crits-Dones Referents Comunit\u00e0ries, que a trav\u00e9s de la metodologia del creuament de sabers ha dinamitzat les sessions de treball amb dones migrades i professionals de salut de l\u2019ABS de l\u2019Escala en el marc de l\u2019elaboraci\u00f3 del Diagn\u00f2stic de Salut Comunit\u00e0ria de Sant Pere Pescador i de les accions comunit\u00e0ries definides a partir d\u2019aquest. Aquestes han estat encaminades a generar espais de treball comunitaris i empoderar les dones migrades com a actius en salut de la nostra comarca.<\/span><\/span><\/span><\/p>\n<p align=\"justify\"><span style=\"color: #000000;\"><span style=\"font-family: Tahoma, serif;\"><span style=\"font-size: small;\">El programa previst per a la jornada ser\u00e0 el seg\u00fcent:<\/span><\/span><\/span><\/p>\n<p align=\"justify\"><span style=\"color: #000000;\"><span style=\"font-family: Tahoma, serif;\"><span style=\"font-size: small;\"><strong>09:30 \u2013 09:45<\/strong>. Obertura de la jornada<\/span><\/span><\/span><\/p>\n<ul>\n<li><span style=\"color: #000000;\"><span style=\"font-family: Tahoma, serif;\"><span style=\"font-size: small;\">S\u00f2nia Mart\u00ednez i Juli , Presidenta del Consell Comarcal de l\u2019Alt Empord\u00e0.<\/span><\/span><\/span><\/li>\n<li><span style=\"color: #000000;\"><span style=\"font-family: Tahoma, serif;\"><span style=\"font-size: small;\">Yolanda Altimiras, Responsable territorial de la Fundaci\u00f3 \u201cla Caixa\u201d a Catalunya<\/span><\/span><\/span><\/li>\n<\/ul>\n<p align=\"justify\">\n<p align=\"justify\"><span style=\"color: #000000;\"><span style=\"font-family: Tahoma, serif;\"><span style=\"font-size: small;\"><strong>09:45 \u2013 10:00h<\/strong>. Presentaci\u00f3 del Programa Habiba, Dones i Salut Comunit\u00e0ria a l\u2019Alt Empord\u00e0, a c\u00e0rrec de l\u2019Equip d\u2019Inclusi\u00f3 i Atenci\u00f3 a la Comunitat del Consell Comarcal.<\/span><\/span><\/span><\/p>\n<p align=\"justify\">\n<p align=\"justify\"><span style=\"color: #000000;\"><span style=\"font-family: Tahoma, serif;\"><span style=\"font-size: small;\"><strong>10:00 &#8211; 10:40h<\/strong>. Presentaci\u00f3 dels principals resultats del Programa, a c\u00e0rrec de l\u2019Associaci\u00f3 Amunt i Crits, dones referents comunit\u00e0ries.<\/span><\/span><\/span><\/p>\n<ul>\n<li><span style=\"color: #000000;\"><span style=\"font-family: Tahoma, serif;\"><span style=\"font-size: small;\">El Diagn\u00f2stic de salut comunit\u00e0ria de Sant Pere Pescador.<\/span><\/span><\/span><\/li>\n<li><span style=\"color: #000000;\"><span style=\"font-family: Tahoma, serif;\"><span style=\"font-size: small;\">Guia de plantes medicinals<\/span><\/span><\/span><\/li>\n<li><span style=\"color: #000000;\"><span style=\"font-family: Tahoma, serif;\"><span style=\"font-size: small;\">Taller sobre l\u2019Atenci\u00f3 a la Salut Sexual i Reproductiva (ASSIR)<\/span><\/span><\/span><\/li>\n<li><span style=\"color: #000000;\"><span style=\"font-family: Tahoma, serif;\"><span style=\"font-size: small;\">V\u00eddeos divulgatius sobre l\u2019Atenci\u00f3 a la Salut Sexual i Reproductiva (ASSIR)<\/span><\/span><\/span><\/li>\n<\/ul>\n<p align=\"justify\">\n<p align=\"justify\"><span style=\"color: #000000;\"><span style=\"font-family: Tahoma, serif;\"><span style=\"font-size: small;\"><strong>10:40 \u2013 11.00h<\/strong>. Tancament, espai de reflexi\u00f3 i propostes de futur. <\/span><\/span><\/span><\/p>\n<p align=\"justify\">\n<p align=\"justify\"><span style=\"color: #000000;\"><span style=\"font-family: Tahoma, serif;\"><span style=\"font-size: small;\">La webinar es celebrar\u00e0 en format telem\u00e0tic de 9:30 a 11:30h. Per a participar-hi \u00e9s necess\u00e0ria la inscripci\u00f3 pr\u00e8via mitjan\u00e7ant aquest <a href=\"https:\/\/docs.google.com\/forms\/d\/e\/1FAIpQLSfRXsq-pYnhZR8J913jm8vkPwnkXkZctRNhyhNJ849h7GhGMA\/viewform\">formulari<\/a>. <\/span><\/span><\/span><\/p>\n<p align=\"justify\"><span style=\"color: #000000;\"><span style=\"font-family: Tahoma, serif;\"><span style=\"font-size: small;\">Les places s\u00f3n limitades segons ordre d\u2019inscripci\u00f3. El termini d\u2019inscripci\u00f3 finalitzar\u00e0 el proper 12 de de novembre.<\/span><\/span><\/span><\/p>\n","protected":false},"excerpt":{"rendered":"<p>El proper 19 de novembre, l\u2019Equip d\u2019Inclusi\u00f3 i Atenci\u00f3 a la Comunitat organitza una sessi\u00f3 webinar de presentaci\u00f3 de resultats del programa \u00abHabiba \u2013 Dones i Salut Comunit\u00e0ria a l\u2019Alt Empord\u00e0\u00bb.<\/p>\n","protected":false},"author":2,"featured_media":7830,"comment_status":"closed","ping_status":"closed","sticky":false,"template":"","format":"standard","meta":{"footnotes":""},"categories":[106,100,101,1,12,102],"tags":[],"class_list":["post-8022","post","type-post","status-publish","format-standard","has-post-thumbnail","hentry","category-administracions","category-area-benestar","category-ciutadania","category-general","category-pla-dinclusio-2","category-professionals-ambit-social","category-106","category-100","category-101","category-1","category-12","category-102","description-off"],"_links":{"self":[{"href":"https:\/\/inclusioaltemporda.cat\/portal\/wp-json\/wp\/v2\/posts\/8022","targetHints":{"allow":["GET"]}}],"collection":[{"href":"https:\/\/inclusioaltemporda.cat\/portal\/wp-json\/wp\/v2\/posts"}],"about":[{"href":"https:\/\/inclusioaltemporda.cat\/portal\/wp-json\/wp\/v2\/types\/post"}],"author":[{"embeddable":true,"href":"https:\/\/inclusioaltemporda.cat\/portal\/wp-json\/wp\/v2\/users\/2"}],"replies":[{"embeddable":true,"href":"https:\/\/inclusioaltemporda.cat\/portal\/wp-json\/wp\/v2\/comments?post=8022"}],"version-history":[{"count":4,"href":"https:\/\/inclusioaltemporda.cat\/portal\/wp-json\/wp\/v2\/posts\/8022\/revisions"}],"predecessor-version":[{"id":8030,"href":"https:\/\/inclusioaltemporda.cat\/portal\/wp-json\/wp\/v2\/posts\/8022\/revisions\/8030"}],"wp:featuredmedia":[{"embeddable":true,"href":"https:\/\/inclusioaltemporda.cat\/portal\/wp-json\/wp\/v2\/media\/7830"}],"wp:attachment":[{"href":"https:\/\/inclusioaltemporda.cat\/portal\/wp-json\/wp\/v2\/media?parent=8022"}],"wp:term":[{"taxonomy":"category","embeddable":true,"href":"https:\/\/inclusioaltemporda.cat\/portal\/wp-json\/wp\/v2\/categories?post=8022"},{"taxonomy":"post_tag","embeddable":true,"href":"https:\/\/inclusioaltemporda.cat\/portal\/wp-json\/wp\/v2\/tags?post=8022"}],"curies":[{"name":"wp","href":"https:\/\/api.w.org\/{rel}","templated":true}]}}