{"id":8025,"date":"2021-11-02T10:01:12","date_gmt":"2021-11-02T09:01:12","guid":{"rendered":"https:\/\/inclusioaltemporda.cat\/portal\/?p=8025"},"modified":"2021-11-02T10:01:12","modified_gmt":"2021-11-02T09:01:12","slug":"el-consell-comarcal-de-lalt-emporda-inicia-una-nova-edicio-del-tic-tac-projecte-comunitari-dalfabetitzacio-digital","status":"publish","type":"post","link":"https:\/\/inclusioaltemporda.cat\/portal\/el-consell-comarcal-de-lalt-emporda-inicia-una-nova-edicio-del-tic-tac-projecte-comunitari-dalfabetitzacio-digital\/","title":{"rendered":"El Consell Comarcal de l\u2019Alt Empord\u00e0 inicia una nova edici\u00f3 del TIC-TAC: Projecte comunitari d\u2019alfabetitzaci\u00f3 digital"},"content":{"rendered":"<p>El projecte, que t\u00e9 lloc per segona vegada al municipi de Sant Pere Pescador, compta amb 14 participants, que es formaran en habilitats TIC i amb qui es comen\u00e7ar\u00e0 un proc\u00e9s de treball comunitari.<\/p>\n<p>El juny passat es va donar per finalitzat la prova pilot del TIC-TAC: Projecte comunitari d\u2019alfabetitzaci\u00f3 digital a Sant Pere Pescador amb la participaci\u00f3 de 14 dones. Els bons resultats d\u2019aquesta primera edici\u00f3, finan\u00e7ada pel programa Benestar i Comunitat del Dipsalut, han obert la porta a la celebraci\u00f3 d\u2019aquesta segona edici\u00f3.<\/p>\n<p>El projecte, elaborat i dinamitzat pels professionals d\u2019acci\u00f3 comunit\u00e0ria, d\u2019acollida i la mediadora intercultural de l\u2019Equip d\u2019Inclusi\u00f3 i Atenci\u00f3 a la Comunitat del Consell Comarcal, permet obrir una finestra a la formaci\u00f3 en habilitats TIC i la garantia d\u2019un equipament digital, a trav\u00e9s d\u2019un curs de 50 hores d\u2019alfabetitzaci\u00f3 digital i la cessi\u00f3 d\u2019un ordinador port\u00e0til a cada participant.<\/p>\n<p>Atenent el vessant comunitari, el projecte vol generar un espai de confian\u00e7a entre les ve\u00efnes on compartir les seves experi\u00e8ncies, inquietuds, necessitats i demandes m\u00e9s espec\u00edfiques m\u00e9s enll\u00e0 de l\u2019alfabetitzaci\u00f3 digital. L\u2019acompanyament garanteix una mirada interseccional, utilitzant una metodologia participativa i din\u00e0mica que garanteixi l\u2019escolta de les necessitats sentides de les participants.<\/p>\n<p>Una vegada finalitzada les sessions formatives es preveu mantenir el seguiment en format virtual i alhora facilitar un espai de trobada amb les persones participants, per tal de donar resposta a les necessitats i demandes que hagin sorgit en el proc\u00e9s d\u2019acompanyament.<\/p>\n<p>Una de les demandes detectades en la primera edici\u00f3 del TicTac va ser l\u2019obertura d\u2019un espai per a dones, un espai on trobar-se, compartir i fer activitat esportiva. L\u2019equip d\u2019acci\u00f3 comunit\u00e0ria treballa doncs per a facilitar i garantir l\u2019acompanyament a aquesta i d\u2019altres necessitats que emergeixin en el marc de les sessions.<\/p>\n","protected":false},"excerpt":{"rendered":"<p>El projecte, que t\u00e9 lloc per segona vegada al municipi de Sant Pere Pescador, compta amb 14 participants, que es formaran en habilitats TIC i amb qui es comen\u00e7ar\u00e0 un proc\u00e9s de treball comunitari.<\/p>\n","protected":false},"author":2,"featured_media":8026,"comment_status":"closed","ping_status":"closed","sticky":false,"template":"","format":"standard","meta":{"footnotes":""},"categories":[106,100,101,1,12],"tags":[],"class_list":["post-8025","post","type-post","status-publish","format-standard","has-post-thumbnail","hentry","category-administracions","category-area-benestar","category-ciutadania","category-general","category-pla-dinclusio-2","category-106","category-100","category-101","category-1","category-12","description-off"],"_links":{"self":[{"href":"https:\/\/inclusioaltemporda.cat\/portal\/wp-json\/wp\/v2\/posts\/8025","targetHints":{"allow":["GET"]}}],"collection":[{"href":"https:\/\/inclusioaltemporda.cat\/portal\/wp-json\/wp\/v2\/posts"}],"about":[{"href":"https:\/\/inclusioaltemporda.cat\/portal\/wp-json\/wp\/v2\/types\/post"}],"author":[{"embeddable":true,"href":"https:\/\/inclusioaltemporda.cat\/portal\/wp-json\/wp\/v2\/users\/2"}],"replies":[{"embeddable":true,"href":"https:\/\/inclusioaltemporda.cat\/portal\/wp-json\/wp\/v2\/comments?post=8025"}],"version-history":[{"count":1,"href":"https:\/\/inclusioaltemporda.cat\/portal\/wp-json\/wp\/v2\/posts\/8025\/revisions"}],"predecessor-version":[{"id":8027,"href":"https:\/\/inclusioaltemporda.cat\/portal\/wp-json\/wp\/v2\/posts\/8025\/revisions\/8027"}],"wp:featuredmedia":[{"embeddable":true,"href":"https:\/\/inclusioaltemporda.cat\/portal\/wp-json\/wp\/v2\/media\/8026"}],"wp:attachment":[{"href":"https:\/\/inclusioaltemporda.cat\/portal\/wp-json\/wp\/v2\/media?parent=8025"}],"wp:term":[{"taxonomy":"category","embeddable":true,"href":"https:\/\/inclusioaltemporda.cat\/portal\/wp-json\/wp\/v2\/categories?post=8025"},{"taxonomy":"post_tag","embeddable":true,"href":"https:\/\/inclusioaltemporda.cat\/portal\/wp-json\/wp\/v2\/tags?post=8025"}],"curies":[{"name":"wp","href":"https:\/\/api.w.org\/{rel}","templated":true}]}}