{"id":8080,"date":"2021-11-22T11:13:24","date_gmt":"2021-11-22T10:13:24","guid":{"rendered":"https:\/\/inclusioaltemporda.cat\/portal\/?p=8080"},"modified":"2021-11-22T11:14:28","modified_gmt":"2021-11-22T10:14:28","slug":"el-projecte-habiba-dones-i-salut-comunitaria-a-lalt-emporda-presenta-conclusions","status":"publish","type":"post","link":"https:\/\/inclusioaltemporda.cat\/portal\/el-projecte-habiba-dones-i-salut-comunitaria-a-lalt-emporda-presenta-conclusions\/","title":{"rendered":"El projecte \u00abHabiba \u2013 Dones i Salut Comunit\u00e0ria a l\u2019Alt Empord\u00e0\u00bb presenta conclusions"},"content":{"rendered":"<div class=\"wpb-content-wrapper\"><p>[vc_row][vc_column][vc_column_text]Aquest 19 de novembre, s\u2019ha celebrat la sessi\u00f3 final del programa <a href=\"https:\/\/inclusioaltemporda.cat\/portal\/programa-habiba-dones-i-salut-comunitaria-a-lalt-emporda\/\">\u00abHabiba \u2013 Dones i Salut Comunit\u00e0ria a l\u2019Alt Empord\u00e0\u00bb<\/a>. Aquesta iniciativa t\u00e9 per objectiu refor\u00e7ar l\u2019equitat en l\u2019exercici del dret a la salut i l\u2019acc\u00e9s al sistema de salut de les dones d\u2019origen migrat al territori introduint la perspectiva interseccional.<\/p>\n<p>El desenvolupament del programa ha facilitat un proc\u00e9s de treball comunitari en qu\u00e8 s\u2019ha vinculat i compartit el coneixement dels professionals de la salut i el de les dones migrades de diferents or\u00edgens a l\u2019ABS L\u2019Escala, principalment del municipi de Sant Pere Pescador, per refor\u00e7ar els actius en salut existents al territori.<\/p>\n<p>Fruit del proc\u00e9s de treball s\u2019ha realitzat un <a href=\"https:\/\/inclusioaltemporda.cat\/portal\/wp-content\/uploads\/Habiba_Doc_web.pdf\">diagn\u00f2stic <\/a>en salut comunit\u00e0ria compartit i participat entre l\u2019equip m\u00e8dic i les dones que ha estat coordinat per l\u2019Equip d\u2019inclusi\u00f3 i atenci\u00f3 a la comunitat del Consell Comarcal i l\u2019entitat Amunt i Crits Dones Referents Comunit\u00e0ries de l\u2019Alt Empord\u00e0. Aquest diagn\u00f2stic ha facilitat la definici\u00f3 d\u2019accions comunit\u00e0ries espec\u00edfiques orientades a refor\u00e7ar el coneixement de recursos sanitaris especialitzats com s\u00f3n els serveis d\u2019atenci\u00f3 a la salut sexual i reproductiva entre les dones d\u2019origen migrat i la creaci\u00f3 de recursos de suport a l\u2019atenci\u00f3 pels professionals de salut.<\/p>\n<p>La jornada ha servit per presentar tres resultats concrets, definits a partir del treball de diagn\u00f2stic, com s\u00f3n, en primer lloc, un Taller preventiu sobre salut sexual i reproductiva creat conjuntament entre les dones participants en el programa i l\u2019equip m\u00e8dic de l\u2019ABS de L\u2019Escala, en segon lloc, la creaci\u00f3 de <a href=\"https:\/\/inclusioaltemporda.cat\/portal\/habiba-videos-assir\/\">v\u00eddeos divulgatius en sis idiomes<\/a> sobre salut sexual i reproductiva i finalment, una <a href=\"https:\/\/inclusioaltemporda.cat\/habiba\/\">guia en format web de plantes medicinals africanes<\/a> dels pa\u00efsos d\u2019origen de les dones participants.<\/p>\n<p>La presidenta del Consell Comarcal de l\u2019Alt Empord\u00e0 ha presentat la jornada de tancament emfatitzant la import\u00e0ncia de projectes com aquest que \u00abprenen el pols a professionals i ciutadania, tot escoltant les seves inquietuds\u00bb. El conseller comarcal de Benestar Social, \u00c0lex Hern\u00e1ndez, explica que \u00abaquest projecte posa llum sobre quins canvis s\u2019han de realitzar i quines pol\u00edtiques s\u2019han d\u2019aplicar per millorar la relaci\u00f3 de dones en l\u2019\u00e0mbit de la salut\u00bb.<\/p>\n<p><strong>El projecte Habiba<\/strong><\/p>\n<p>El programa Habiba, Dones i Salut Comunit\u00e0ria neix de les necessitats expressades per les mateixes dones migrades en el camp de la salut en els processos de dinamitzaci\u00f3 comunit\u00e0ria que s\u2019han promogut pel programa Dones Referents Comunit\u00e0ries de l\u2019Alt Empord\u00e0 (2019) i en els espais de dinamitzaci\u00f3 de dones migrades per part de l\u2019Equip d\u2019Inclusi\u00f3 i Atenci\u00f3 a la Comunitat.<\/p>\n<p>Han obert la sessi\u00f3 telem\u00e0tica, la presidenta del Consell Comarcal de l\u2019Alt Empord\u00e0 S\u00f2nia Mart\u00ednez, i Yolanda Altimiras, responsable territorial de la Fundaci\u00f3 &#8220;la Caixa&#8221; a Catalunya.<\/p>\n<p>El projecte Habiba, finan\u00e7at per la Convocat\u00f2ria Interculturalitat i Acci\u00f3 Social 2020, s\u2019ha executat en el decurs de tot l\u2019any 2021 al municipi de Sant Pere Pescador, i t\u00e9 com a principal objectiu promoure l\u2019equitat en l\u2019exercici del dret a la salut i l\u2019acc\u00e9s al sistema de salut de les dones d\u2019origen migrant de la comarca.<\/p>\n<p><strong>Conclusions<\/strong><\/p>\n<p>En relaci\u00f3 amb l\u2019acc\u00e9s al sistema sanitari, tant els professionals com les dones migrades participants en el treball de camp han considerat tres pilars b\u00e0sics que fonamenten l\u2019acc\u00e9s al sistema de salut com s\u00f3n: la barrera ling\u00fc\u00edstica, la mobilitat i la confian\u00e7a.<\/p>\n<p>El document tamb\u00e9 dona un seguit de pautes i recomanacions contrastades amb les dones i les professionals sanit\u00e0ries que han participat del diagn\u00f2stic.[\/vc_column_text][\/vc_column][\/vc_row]<\/p>\n<\/div>","protected":false},"excerpt":{"rendered":"<p>Aquest 19 de novembre, s\u2019ha celebrat la sessi\u00f3 final del programa \u00abHabiba \u2013 Dones i Salut Comunit\u00e0ria a l\u2019Alt Empord\u00e0\u00bb. Aquesta iniciativa t\u00e9 per objectiu refor\u00e7ar l\u2019equitat en l\u2019exercici del dret a la salut i l\u2019acc\u00e9s al sistema de salut de les dones d\u2019origen migrat al territori introduint la perspectiva interseccional.<\/p>\n","protected":false},"author":2,"featured_media":8081,"comment_status":"closed","ping_status":"closed","sticky":false,"template":"","format":"standard","meta":{"footnotes":""},"categories":[106,100,101,104,1,12,102],"tags":[],"class_list":["post-8080","post","type-post","status-publish","format-standard","has-post-thumbnail","hentry","category-administracions","category-area-benestar","category-ciutadania","category-entitats-socials","category-general","category-pla-dinclusio-2","category-professionals-ambit-social","category-106","category-100","category-101","category-104","category-1","category-12","category-102","description-off"],"_links":{"self":[{"href":"https:\/\/inclusioaltemporda.cat\/portal\/wp-json\/wp\/v2\/posts\/8080","targetHints":{"allow":["GET"]}}],"collection":[{"href":"https:\/\/inclusioaltemporda.cat\/portal\/wp-json\/wp\/v2\/posts"}],"about":[{"href":"https:\/\/inclusioaltemporda.cat\/portal\/wp-json\/wp\/v2\/types\/post"}],"author":[{"embeddable":true,"href":"https:\/\/inclusioaltemporda.cat\/portal\/wp-json\/wp\/v2\/users\/2"}],"replies":[{"embeddable":true,"href":"https:\/\/inclusioaltemporda.cat\/portal\/wp-json\/wp\/v2\/comments?post=8080"}],"version-history":[{"count":2,"href":"https:\/\/inclusioaltemporda.cat\/portal\/wp-json\/wp\/v2\/posts\/8080\/revisions"}],"predecessor-version":[{"id":8083,"href":"https:\/\/inclusioaltemporda.cat\/portal\/wp-json\/wp\/v2\/posts\/8080\/revisions\/8083"}],"wp:featuredmedia":[{"embeddable":true,"href":"https:\/\/inclusioaltemporda.cat\/portal\/wp-json\/wp\/v2\/media\/8081"}],"wp:attachment":[{"href":"https:\/\/inclusioaltemporda.cat\/portal\/wp-json\/wp\/v2\/media?parent=8080"}],"wp:term":[{"taxonomy":"category","embeddable":true,"href":"https:\/\/inclusioaltemporda.cat\/portal\/wp-json\/wp\/v2\/categories?post=8080"},{"taxonomy":"post_tag","embeddable":true,"href":"https:\/\/inclusioaltemporda.cat\/portal\/wp-json\/wp\/v2\/tags?post=8080"}],"curies":[{"name":"wp","href":"https:\/\/api.w.org\/{rel}","templated":true}]}}