{"id":8092,"date":"2021-11-25T14:26:59","date_gmt":"2021-11-25T13:26:59","guid":{"rendered":"https:\/\/inclusioaltemporda.cat\/portal\/?p=8092"},"modified":"2022-01-05T10:33:14","modified_gmt":"2022-01-05T09:33:14","slug":"25-n-dia-internacional-per-a-leliminacio-de-la-violencia-envers-les-dones","status":"publish","type":"post","link":"https:\/\/inclusioaltemporda.cat\/portal\/25-n-dia-internacional-per-a-leliminacio-de-la-violencia-envers-les-dones\/","title":{"rendered":"25-N. Dia Internacional per a l&#8217;eliminaci\u00f3 de la viol\u00e8ncia envers les dones"},"content":{"rendered":"<div class=\"wpb-content-wrapper\"><p>[vc_row][vc_column][vc_column_text]Amb motiu del Dia Internacional per a l&#8217;Eliminaci\u00f3 de la viol\u00e8ncia envers les dones, l&#8217;\u00c0rea de Benestar del Consell Comarcal de l&#8217;Alt Empord\u00e0 difon el seg\u00fcent v\u00eddeo.<\/p>\n<p>El v\u00eddeo visibilitza frases, expressions i situacions extretes de testimonis reals i que, malauradament, s\u00f3n d&#8217;\u00fas habitual en l&#8217;\u00e0mbit de les viol\u00e8ncies masclistes. L&#8217;objectiu \u00e9s que les dones que pateixen aquestes viol\u00e8ncies puguin accedir als recursos i l&#8217;ajuda que necessiten.<\/p>\n<p>A m\u00e9s d&#8217;aquest v\u00eddeo, l&#8217;\u00c0rea de Benestar ha repartit bosses de roba i xapes amb el lema &#8220;25-N. Lliures i diverses&#8221; i les etiquetes #LliuresiDiverses i #Empord\u00e0Antimasclista.[\/vc_column_text][\/vc_column][\/vc_row][vc_row][vc_column][vc_video link=&#8221;https:\/\/youtu.be\/KnW_UnKXIEA&#8221;][\/vc_column][\/vc_row]<\/p>\n<\/div>","protected":false},"excerpt":{"rendered":"<p>Amb motiu del Dia Internacional per a l&#8217;Eliminaci\u00f3 de la viol\u00e8ncia envers les dones, l&#8217;\u00c0rea de Benestar del Consell Comarcal de l&#8217;Alt Empord\u00e0 ha dif\u00f3s un v\u00eddeo i repartit bosses i xapes.<\/p>\n","protected":false},"author":2,"featured_media":8107,"comment_status":"closed","ping_status":"closed","sticky":false,"template":"","format":"standard","meta":{"footnotes":""},"categories":[106,100,101,1,12],"tags":[],"class_list":["post-8092","post","type-post","status-publish","format-standard","has-post-thumbnail","hentry","category-administracions","category-area-benestar","category-ciutadania","category-general","category-pla-dinclusio-2","category-106","category-100","category-101","category-1","category-12","description-off"],"_links":{"self":[{"href":"https:\/\/inclusioaltemporda.cat\/portal\/wp-json\/wp\/v2\/posts\/8092","targetHints":{"allow":["GET"]}}],"collection":[{"href":"https:\/\/inclusioaltemporda.cat\/portal\/wp-json\/wp\/v2\/posts"}],"about":[{"href":"https:\/\/inclusioaltemporda.cat\/portal\/wp-json\/wp\/v2\/types\/post"}],"author":[{"embeddable":true,"href":"https:\/\/inclusioaltemporda.cat\/portal\/wp-json\/wp\/v2\/users\/2"}],"replies":[{"embeddable":true,"href":"https:\/\/inclusioaltemporda.cat\/portal\/wp-json\/wp\/v2\/comments?post=8092"}],"version-history":[{"count":4,"href":"https:\/\/inclusioaltemporda.cat\/portal\/wp-json\/wp\/v2\/posts\/8092\/revisions"}],"predecessor-version":[{"id":8108,"href":"https:\/\/inclusioaltemporda.cat\/portal\/wp-json\/wp\/v2\/posts\/8092\/revisions\/8108"}],"wp:featuredmedia":[{"embeddable":true,"href":"https:\/\/inclusioaltemporda.cat\/portal\/wp-json\/wp\/v2\/media\/8107"}],"wp:attachment":[{"href":"https:\/\/inclusioaltemporda.cat\/portal\/wp-json\/wp\/v2\/media?parent=8092"}],"wp:term":[{"taxonomy":"category","embeddable":true,"href":"https:\/\/inclusioaltemporda.cat\/portal\/wp-json\/wp\/v2\/categories?post=8092"},{"taxonomy":"post_tag","embeddable":true,"href":"https:\/\/inclusioaltemporda.cat\/portal\/wp-json\/wp\/v2\/tags?post=8092"}],"curies":[{"name":"wp","href":"https:\/\/api.w.org\/{rel}","templated":true}]}}