{"id":810,"date":"2012-11-29T12:51:25","date_gmt":"2012-11-29T11:51:25","guid":{"rendered":"https:\/\/inclusioaltemporda.cat\/portal\/?p=810"},"modified":"2016-02-01T09:21:55","modified_gmt":"2016-02-01T08:21:55","slug":"crisi-i-pobresa-infantil-a-catalunya","status":"publish","type":"post","link":"https:\/\/inclusioaltemporda.cat\/portal\/crisi-i-pobresa-infantil-a-catalunya\/","title":{"rendered":"Crisi i pobresa infantil a Catalunya"},"content":{"rendered":"<p><!--:CA--><a href=\"http:\/\/www.sxc.hu\/photo\/1396050\"><img loading=\"lazy\" decoding=\"async\" class=\"wp-image-812 alignleft\" title=\"1396050_child_playing_with_toy_car\" src=\"https:\/\/inclusioaltemporda.cat\/portal\/wp-content\/uploads\/1396050_child_playing_with_toy_car1.jpg\" alt=\"\" width=\"124\" height=\"83\" \/><\/a><a title=\"Unicef Catalunya\" href=\"http:\/\/www.unicef.es\/cat\/actualitat-documentacio\/publicacions\/infancia-a-catalunya\"> Unicef Catalunya <\/a>ha publicat recentment l&#8217;article &#8220;Crisi i Pobresa Infantil a Catalunya&#8221; elaborat per Pau Mar\u00ed-Klose i Marga Mar\u00ed-Klose. En aquest article es presenta l&#8217;evoluci\u00f3 de la pobresa infantil a Catalunya en el context de crisi (2007-2010) i mostra com els nivells de pobresa s\u00f3n molt elevats en comparaci\u00f3 amb la mitjana d&#8217;altres pa\u00efsos europeus. La recerca facilita dades sobre l&#8217;evoluci\u00f3 d&#8217;aquest fenomen,\u00a0 els principals perfils socials afectats i analitza l&#8217;impacte de les transfer\u00e8ncies p\u00fabliques sobre la pobresa infantil a Catalunya.<\/p>\n<p>En aquest enlla\u00e7 podeu trobar el document: <a title=\"Crisi i Pobresa Infantil a Catalunya\" href=\"http:\/\/www.unicef.es\/sites\/www.unicef.es\/files\/DOCS-CRISI_I_POBRESA_INFANTIL.pdf\">Crisi i Pobresa Infantil a Catalunya<\/a><!--:--><!--:en--><\/p>\n<p><!--:--><!--:fr--><\/p>\n<p><!--:--><!--:es--><\/p>\n<p><!--:--><\/p>\n","protected":false},"excerpt":{"rendered":"<p>Unicef Catalunya ha publicat recentment l&#8217;article &#8220;Crisi i Pobresa Infantil a Catalunya&#8221; elaborat per Pau Mar\u00ed-Klose i Marga Mar\u00ed-Klose. En aquest article es presenta l&#8217;evoluci\u00f3 de la pobresa infantil a&hellip;<\/p>\n","protected":false},"author":3,"featured_media":0,"comment_status":"closed","ping_status":"closed","sticky":false,"template":"","format":"standard","meta":{"footnotes":""},"categories":[13],"tags":[22],"class_list":["post-810","post","type-post","status-publish","format-standard","hentry","category-observatori-inclusio-social-alt-emporda","tag-publicacions","category-13","description-off"],"_links":{"self":[{"href":"https:\/\/inclusioaltemporda.cat\/portal\/wp-json\/wp\/v2\/posts\/810","targetHints":{"allow":["GET"]}}],"collection":[{"href":"https:\/\/inclusioaltemporda.cat\/portal\/wp-json\/wp\/v2\/posts"}],"about":[{"href":"https:\/\/inclusioaltemporda.cat\/portal\/wp-json\/wp\/v2\/types\/post"}],"author":[{"embeddable":true,"href":"https:\/\/inclusioaltemporda.cat\/portal\/wp-json\/wp\/v2\/users\/3"}],"replies":[{"embeddable":true,"href":"https:\/\/inclusioaltemporda.cat\/portal\/wp-json\/wp\/v2\/comments?post=810"}],"version-history":[{"count":6,"href":"https:\/\/inclusioaltemporda.cat\/portal\/wp-json\/wp\/v2\/posts\/810\/revisions"}],"predecessor-version":[{"id":3365,"href":"https:\/\/inclusioaltemporda.cat\/portal\/wp-json\/wp\/v2\/posts\/810\/revisions\/3365"}],"wp:attachment":[{"href":"https:\/\/inclusioaltemporda.cat\/portal\/wp-json\/wp\/v2\/media?parent=810"}],"wp:term":[{"taxonomy":"category","embeddable":true,"href":"https:\/\/inclusioaltemporda.cat\/portal\/wp-json\/wp\/v2\/categories?post=810"},{"taxonomy":"post_tag","embeddable":true,"href":"https:\/\/inclusioaltemporda.cat\/portal\/wp-json\/wp\/v2\/tags?post=810"}],"curies":[{"name":"wp","href":"https:\/\/api.w.org\/{rel}","templated":true}]}}