{"id":8110,"date":"2021-11-29T14:54:31","date_gmt":"2021-11-29T13:54:31","guid":{"rendered":"https:\/\/inclusioaltemporda.cat\/portal\/?p=8110"},"modified":"2022-01-10T14:55:07","modified_gmt":"2022-01-10T13:55:07","slug":"la-meitat-de-la-poblacio-mundial-es-edatista-te-algun-tipus-de-perjudici-contra-les-persones-grans","status":"publish","type":"post","link":"https:\/\/inclusioaltemporda.cat\/portal\/la-meitat-de-la-poblacio-mundial-es-edatista-te-algun-tipus-de-perjudici-contra-les-persones-grans\/","title":{"rendered":"La meitat de la poblaci\u00f3 mundial \u00e9s edatista: t\u00e9 algun tipus de perjudici contra les persones grans"},"content":{"rendered":"<div class=\"wpb-content-wrapper\"><p>[vc_row][vc_column][vc_column_text]Una de cada dues persones a escala mundial \u00e9s edatista segons l\u2019Organitzaci\u00f3 Mundial de la Salut (OMS). \u00c9s a dir, que la meitat de la poblaci\u00f3 mundial t\u00e9 actituds perjudicials cap a les persones grans i aplica pr\u00e0ctiques discriminat\u00f2ries cap a aquest col\u00b7lectiu. Aquesta \u00e9s una de les conclusions que s\u2019extreu de les sis pon\u00e8ncies que va incloure el seminari en l\u00ednia \u201cEl maltractament a les persones grans des d\u2019una mirada preventiva i comunit\u00e0ria\u201d, organitzat conjuntament pel Consell Comarcal de l\u2019Alt Empord\u00e0 i la Fundaci\u00f3 Salut Empord\u00e0. Va tenir lloc divendres al mat\u00ed i va comptar amb 386 inscrits de Catalunya i Andorra.<br \/>\nL\u2019encarregada de parlar sobre l\u2019edatisme va ser V\u00e2nia de la Fuente, responsable t\u00e8cnic de la Unitat de canvi demogr\u00e0fic i envelliment saludable de l\u2019OMS. En la seva intervenci\u00f3 va explicar que aquest fenomen \u00e9s un problema de drets humans i de salut p\u00fablica, perqu\u00e8 t\u00e9 m\u00faltiples efectes negatius sobre la vida de les persones grans. L\u2019edatisme, per la gent gran, \u00e9s un risc per la salut, empitjora la qualitat de vida, suposa a\u00efllament social i m\u00e9s risc de mort, i justifica els abusos.<\/p>\n<p>Per la seva banda, Nena Georgantzi, advocada especialitzada en drets humans, protecci\u00f3 social i drets de les persones grans, va posar l\u2019accent en el fet que, a escala mundial, nom\u00e9s es visibilitza un de cada 24 casos de maltractaments a la gent gran, el que significa que nom\u00e9s es coneix la punta de l\u2019iceberg d\u2019aquest fenomen.<\/p>\n<p>Segons Marije Goikoetxea, doctora en drets humans i professora d\u2019\u00e8tica a la Universitat de Deusto; i Lourdes Bermejo, doctora en Ci\u00e8ncies de l\u2019Educaci\u00f3, experta en intervenci\u00f3 social integral i vicepresidenta de Gerontologia de la Societat Espanyola de Geriatria i Gerontologia, el 87 % dels maltractaments a persones grans no s\u00f3n intencionats sin\u00f3 que s\u00f3n fruit de la manca de suport en les cures i en la sobrec\u00e0rrega dels cuidadors. Les dues tamb\u00e9 van posar l\u2019accent en el fet que cada individu t\u00e9 el seu projecte de vida i no es poden donar respostes col\u00b7lectives a les necessitats de la gent gran, perqu\u00e8 cadasc\u00fa t\u00e9 el seu propi concepte de qualitat de vida i t\u00e9 dret a viure d\u2019acord amb ell.<\/p>\n<p>Aquesta idea d\u2019individualitzar el tracte amb cada persona, va entroncar amb la seg\u00fcent pon\u00e8ncia, a c\u00e0rrec de Jordi Ambl\u00e0s, metge geriatra i vicepresident de la Societat Catalana de Geriatria i Gerontologia, i Esther Celda, metgessa geriatra, geront\u00f2loga i directora d&#8217;Atenci\u00f3 Sociosanit\u00e0ria de la Fundaci\u00f3 Salut Empord\u00e0. Ambd\u00f3s van insistir en qu\u00e8 els professionals sanitaris i socials han de ser facilitadors i no fomentar la complexitat del sistema, a la vegada que cal treballar el concepte de salut des d\u2019una mirada m\u00e9s \u00e0mplia i integradora, en qu\u00e8 la persona sigui el centre i destinant m\u00e9s temps als m\u00e9s vulnerables.<br \/>\nL\u2019\u00faltima xerrada va ser de Marie Beaulieu, geront\u00f2loga social de la Universitat de Sherbrooke (Canad\u00e0). Beaulieu va fer un rep\u00e0s de la situaci\u00f3 dels maltractaments al seu pa\u00eds, la qual cosa va posar en evid\u00e8ncia la necessitat d\u2019estudiar la problem\u00e0tica per tenir dades i con\u00e8ixer la magnitud del fenomen a casa nostra. A m\u00e9s, el fet que al Canad\u00e0 disposin d\u2019una legislaci\u00f3 espec\u00edfica de protecci\u00f3 dels drets de les persones grans, a difer\u00e8ncia de l\u2019Estat espanyol, facilita la lluita contra aquesta problem\u00e0tica social.<\/p>\n<p>La inauguraci\u00f3 del seminari va anar a c\u00e0rrec de Meritxell Bud\u00f3, secret\u00e0ria d&#8217;Atenci\u00f3 Sanit\u00e0ria i Participaci\u00f3 del Departament de Salut; Agn\u00e8s Llad\u00f3, presidenta del Patronat de la Fundaci\u00f3 Salut Empord\u00e0; i S\u00f2nia Mart\u00ednez, presidenta del Consell Comarcal de l\u2019Alt Empord\u00e0 i vicepresidenta del Patronat de la Fundaci\u00f3 Salut Empord\u00e0.<\/p>\n<p>Aquesta jornada esta inclosa en el Projecte d\u2019Especialitzaci\u00f3 i Competitivitat Territorial (PECT) \u201cGirona, innovaci\u00f3 social i digital: noves respostes davant els reptes del mil\u00b7lenni\u201d, que coordina la Diputaci\u00f3 de Girona. La meitat del projecte est\u00e0 finan\u00e7at pel Fons Europeu de Desenvolupament Regional (FEDER); el 25 %, per la Diputaci\u00f3 de Girona, i l\u2019altre 25%, per les mateixes entitats i administracions implicades.[\/vc_column_text][\/vc_column][\/vc_row]<\/p>\n<\/div>","protected":false},"excerpt":{"rendered":"<p>[vc_row][vc_column][vc_column_text]Una de cada dues persones a escala mundial \u00e9s edatista segons l\u2019Organitzaci\u00f3 Mundial de la Salut (OMS). \u00c9s a dir, que la meitat de la poblaci\u00f3 mundial t\u00e9 actituds perjudicials&hellip;<\/p>\n","protected":false},"author":2,"featured_media":8111,"comment_status":"closed","ping_status":"closed","sticky":false,"template":"","format":"standard","meta":{"footnotes":""},"categories":[106,100,101,1,12,102,11],"tags":[],"class_list":["post-8110","post","type-post","status-publish","format-standard","has-post-thumbnail","hentry","category-administracions","category-area-benestar","category-ciutadania","category-general","category-pla-dinclusio-2","category-professionals-ambit-social","category-taula-inclusio","category-106","category-100","category-101","category-1","category-12","category-102","category-11","description-off"],"_links":{"self":[{"href":"https:\/\/inclusioaltemporda.cat\/portal\/wp-json\/wp\/v2\/posts\/8110","targetHints":{"allow":["GET"]}}],"collection":[{"href":"https:\/\/inclusioaltemporda.cat\/portal\/wp-json\/wp\/v2\/posts"}],"about":[{"href":"https:\/\/inclusioaltemporda.cat\/portal\/wp-json\/wp\/v2\/types\/post"}],"author":[{"embeddable":true,"href":"https:\/\/inclusioaltemporda.cat\/portal\/wp-json\/wp\/v2\/users\/2"}],"replies":[{"embeddable":true,"href":"https:\/\/inclusioaltemporda.cat\/portal\/wp-json\/wp\/v2\/comments?post=8110"}],"version-history":[{"count":1,"href":"https:\/\/inclusioaltemporda.cat\/portal\/wp-json\/wp\/v2\/posts\/8110\/revisions"}],"predecessor-version":[{"id":8112,"href":"https:\/\/inclusioaltemporda.cat\/portal\/wp-json\/wp\/v2\/posts\/8110\/revisions\/8112"}],"wp:featuredmedia":[{"embeddable":true,"href":"https:\/\/inclusioaltemporda.cat\/portal\/wp-json\/wp\/v2\/media\/8111"}],"wp:attachment":[{"href":"https:\/\/inclusioaltemporda.cat\/portal\/wp-json\/wp\/v2\/media?parent=8110"}],"wp:term":[{"taxonomy":"category","embeddable":true,"href":"https:\/\/inclusioaltemporda.cat\/portal\/wp-json\/wp\/v2\/categories?post=8110"},{"taxonomy":"post_tag","embeddable":true,"href":"https:\/\/inclusioaltemporda.cat\/portal\/wp-json\/wp\/v2\/tags?post=8110"}],"curies":[{"name":"wp","href":"https:\/\/api.w.org\/{rel}","templated":true}]}}