{"id":8114,"date":"2022-01-14T08:41:20","date_gmt":"2022-01-14T07:41:20","guid":{"rendered":"https:\/\/inclusioaltemporda.cat\/portal\/?p=8114"},"modified":"2022-01-14T08:44:53","modified_gmt":"2022-01-14T07:44:53","slug":"larea-de-benestar-ha-organitzat-nou-moduls-dacollida-durant-el-2021","status":"publish","type":"post","link":"https:\/\/inclusioaltemporda.cat\/portal\/larea-de-benestar-ha-organitzat-nou-moduls-dacollida-durant-el-2021\/","title":{"rendered":"L\u2019\u00e0rea de Benestar ha organitzat nou m\u00f2duls d\u2019acollida durant el 2021"},"content":{"rendered":"<div class=\"wpb-content-wrapper\"><p>[vc_row][vc_column][vc_column_text]Durant l\u2019any 2021, l\u2019Equip d\u2019Inclusi\u00f3 i Atenci\u00f3 a la Comunitat del Consell Comarcal de l\u2019Alt Empord\u00e0 ha organitzat nou cursos de primera acollida, adre\u00e7ats a persones nouvingudes a la comarca, als municipis de Vilafant, la Jonquera, Castell\u00f3 d\u2019Emp\u00faries, Roses, Llan\u00e7\u00e0 i Port de la Selva. En total, s\u2019han em\u00e8s 111 certificats corresponent a aquests cursos.<\/p>\n<p>Enguany des de l\u2019equip tamb\u00e9 s\u2019ha impulsat la realitzaci\u00f3 del m\u00f2dul sobre coneixements laborals a tres municipis amb la intenci\u00f3 d\u2019integrar i consolidar els coneixements de l\u2019entorn, l\u2019orientaci\u00f3 laboral i la formaci\u00f3 a partir d\u2019una metodologia participativa que parteix de les necessitats i possibilitats de les persones que formen part del grup.<\/p>\n<p>Aquesta metodologia \u00e9s present en tots els m\u00f2duls d\u2019acollida que s\u2019organitzen des de l\u2019\u00e0rea, seguint els principis de participaci\u00f3, generant espais de confian\u00e7a i intercanvi de coneixement amb persones que sovint es troben situacions d\u2019alta vulnerabilitat social.<\/p>\n<p>A m\u00e9s, durant aquest any Benestar Social ha col\u00b7laborat amb la Fundaci\u00f3 Gentis en l\u2019organitzaci\u00f3 de set cursos de primera acollida m\u00e9s a Roses, Sant Pere Pescador, Castell\u00f3 d\u2019Emp\u00faries, L\u2019Escala i Figueres, a trav\u00e9s dels quals 100 persones han pogut completar l\u2019itinerari corresponent al servei de primera acollida.<\/p>\n<p>Per poder obtenir el certificat de primera acollida, tal com estableix el Reglament d\u2019Acollida de la Generalitat de Catalunya, cal acreditar la participaci\u00f3 en tres m\u00f2duls de formaci\u00f3: un m\u00f2dul (A) per aprendre catal\u00e0 i castell\u00e0, amb un m\u00ednim de 90 hores de formaci\u00f3 en cadascuna de les dues lleng\u00fces oficials; un m\u00f2dul (B) sobre coneixements laborals, amb una durada m\u00ednima de 15 hores; i un tercer m\u00f2dul (C) sobre coneixement de la societat catalana i del seu marc jur\u00eddic, amb un m\u00ednim de 15 hores.<\/p>\n<p>Durant el 2021, el consell comarcal ha tramitat el certificat de primera acollida per a 99 persones, que podran d\u2019aquesta manera acreditar el seu arrelament a la comarca. Aquesta iniciativa compta amb el finan\u00e7ament del Fons Social Europeu i el suport de la Secretaria d\u2019Igualtat i Feminismes de la Generalitat de Catalunya i dels diferents ajuntaments on s\u2019han impartit els cursos.[\/vc_column_text][\/vc_column][\/vc_row]<\/p>\n<\/div>","protected":false},"excerpt":{"rendered":"<p>Durant l\u2019any 2021, l\u2019Equip d\u2019Inclusi\u00f3 i Atenci\u00f3 a la Comunitat del Consell Comarcal de l\u2019Alt Empord\u00e0 ha organitzat nou cursos de primera acollida, adre\u00e7ats a persones nouvingudes a la comarca, als municipis de Vilafant, la Jonquera, Castell\u00f3 d\u2019Emp\u00faries, Roses, Llan\u00e7\u00e0 i Port de la Selva.<\/p>\n","protected":false},"author":2,"featured_media":8115,"comment_status":"closed","ping_status":"closed","sticky":false,"template":"","format":"standard","meta":{"footnotes":""},"categories":[106,100,101,1,12],"tags":[],"class_list":["post-8114","post","type-post","status-publish","format-standard","has-post-thumbnail","hentry","category-administracions","category-area-benestar","category-ciutadania","category-general","category-pla-dinclusio-2","category-106","category-100","category-101","category-1","category-12","description-off"],"_links":{"self":[{"href":"https:\/\/inclusioaltemporda.cat\/portal\/wp-json\/wp\/v2\/posts\/8114","targetHints":{"allow":["GET"]}}],"collection":[{"href":"https:\/\/inclusioaltemporda.cat\/portal\/wp-json\/wp\/v2\/posts"}],"about":[{"href":"https:\/\/inclusioaltemporda.cat\/portal\/wp-json\/wp\/v2\/types\/post"}],"author":[{"embeddable":true,"href":"https:\/\/inclusioaltemporda.cat\/portal\/wp-json\/wp\/v2\/users\/2"}],"replies":[{"embeddable":true,"href":"https:\/\/inclusioaltemporda.cat\/portal\/wp-json\/wp\/v2\/comments?post=8114"}],"version-history":[{"count":2,"href":"https:\/\/inclusioaltemporda.cat\/portal\/wp-json\/wp\/v2\/posts\/8114\/revisions"}],"predecessor-version":[{"id":8117,"href":"https:\/\/inclusioaltemporda.cat\/portal\/wp-json\/wp\/v2\/posts\/8114\/revisions\/8117"}],"wp:featuredmedia":[{"embeddable":true,"href":"https:\/\/inclusioaltemporda.cat\/portal\/wp-json\/wp\/v2\/media\/8115"}],"wp:attachment":[{"href":"https:\/\/inclusioaltemporda.cat\/portal\/wp-json\/wp\/v2\/media?parent=8114"}],"wp:term":[{"taxonomy":"category","embeddable":true,"href":"https:\/\/inclusioaltemporda.cat\/portal\/wp-json\/wp\/v2\/categories?post=8114"},{"taxonomy":"post_tag","embeddable":true,"href":"https:\/\/inclusioaltemporda.cat\/portal\/wp-json\/wp\/v2\/tags?post=8114"}],"curies":[{"name":"wp","href":"https:\/\/api.w.org\/{rel}","templated":true}]}}