{"id":8121,"date":"2022-01-27T08:42:24","date_gmt":"2022-01-27T07:42:24","guid":{"rendered":"https:\/\/inclusioaltemporda.cat\/portal\/?p=8121"},"modified":"2022-01-27T08:42:24","modified_gmt":"2022-01-27T07:42:24","slug":"lequip-datencio-a-les-families-i-envelliment-actiu-participa-en-una-jornada-formativa-a-andorra","status":"publish","type":"post","link":"https:\/\/inclusioaltemporda.cat\/portal\/lequip-datencio-a-les-families-i-envelliment-actiu-participa-en-una-jornada-formativa-a-andorra\/","title":{"rendered":"L\u2019Equip d\u2019atenci\u00f3 a les fam\u00edlies i envelliment actiu participa en una jornada formativa a Andorra"},"content":{"rendered":"<div class=\"wpb-content-wrapper\"><p>[vc_row][vc_column][vc_column_text]El passat dilluns 10 de gener, membres de l\u2019Equip d\u2019atenci\u00f3 a les fam\u00edlies i envelliment actiu del Consell Comarcal de l\u2019Alt Empord\u00e0 van participar com a ponents en una jornada formativa orientada a donar visibilitat, refor\u00e7ar la detecci\u00f3 i donar eines d\u2019intervenci\u00f3 davant del maltractament a les persones grans. La formaci\u00f3 estava organitzada pel Ministeri d\u2019Afers Socials, Joventut i Igualtat d\u2019Andorra.<\/p>\n<p>La jornada, en qu\u00e8 es van abordar els maltractaments a les persones grans i els efectes de la pand\u00e8mia en la prevenci\u00f3 i la intervenci\u00f3, es va dividir en dues sessions; la primera estava adre\u00e7ada a treballadores familiars del Servei d\u2019Atenci\u00f3 Domicili\u00e0ria (SAD) i a professionals de l\u2019\u00c0rea de Pol\u00edtiques d\u2019Igualtat del Ministeri andorr\u00e0. La segona s\u2019adre\u00e7ava a treballadors de diversos \u00e0mbits, com ara centres sociosanitaris i de dia, treballadors socials i de serveis socials, o altres professionals de la salut i les \u00e0rees de serveis socials dels Comuns.<\/p>\n<p>La relaci\u00f3 entre territoris \u00e9s clau a l\u2019hora de compartir reflexions i maneres de treballar, que permetin enriquir amb noves experi\u00e8ncies els i les professionals dels \u00e0mbits participants i establir noves l\u00ednies de prevenci\u00f3 i actuaci\u00f3. L\u2019origen d\u2019aquesta col\u00b7laboraci\u00f3 entre el Consell Comarcal de l\u2019Alt Empord\u00e0 i el Ministeri d\u2019Afers Socials, Joventut i Igualtat d\u2019Andorra es troba en el projecte transfronterer PROSPECTSASO, del qual el Consell Comarcal n\u2019era soci.[\/vc_column_text][\/vc_column][\/vc_row]<\/p>\n<\/div>","protected":false},"excerpt":{"rendered":"<p>La jornada estava orientada a donar visibilitat, refor\u00e7ar la detecci\u00f3 i donar eines d\u2019intervenci\u00f3 davant del maltractament a les persones grans. La formaci\u00f3 estava organitzada pel Ministeri d\u2019Afers Socials, Joventut i Igualtat d\u2019Andorra.<\/p>\n","protected":false},"author":2,"featured_media":8122,"comment_status":"closed","ping_status":"closed","sticky":false,"template":"","format":"standard","meta":{"footnotes":""},"categories":[106,100,1,12,102,111,115],"tags":[],"class_list":["post-8121","post","type-post","status-publish","format-standard","has-post-thumbnail","hentry","category-administracions","category-area-benestar","category-general","category-pla-dinclusio-2","category-professionals-ambit-social","category-projectes-internacionals","category-projectes-transfronterers","category-106","category-100","category-1","category-12","category-102","category-111","category-115","description-off"],"_links":{"self":[{"href":"https:\/\/inclusioaltemporda.cat\/portal\/wp-json\/wp\/v2\/posts\/8121","targetHints":{"allow":["GET"]}}],"collection":[{"href":"https:\/\/inclusioaltemporda.cat\/portal\/wp-json\/wp\/v2\/posts"}],"about":[{"href":"https:\/\/inclusioaltemporda.cat\/portal\/wp-json\/wp\/v2\/types\/post"}],"author":[{"embeddable":true,"href":"https:\/\/inclusioaltemporda.cat\/portal\/wp-json\/wp\/v2\/users\/2"}],"replies":[{"embeddable":true,"href":"https:\/\/inclusioaltemporda.cat\/portal\/wp-json\/wp\/v2\/comments?post=8121"}],"version-history":[{"count":1,"href":"https:\/\/inclusioaltemporda.cat\/portal\/wp-json\/wp\/v2\/posts\/8121\/revisions"}],"predecessor-version":[{"id":8123,"href":"https:\/\/inclusioaltemporda.cat\/portal\/wp-json\/wp\/v2\/posts\/8121\/revisions\/8123"}],"wp:featuredmedia":[{"embeddable":true,"href":"https:\/\/inclusioaltemporda.cat\/portal\/wp-json\/wp\/v2\/media\/8122"}],"wp:attachment":[{"href":"https:\/\/inclusioaltemporda.cat\/portal\/wp-json\/wp\/v2\/media?parent=8121"}],"wp:term":[{"taxonomy":"category","embeddable":true,"href":"https:\/\/inclusioaltemporda.cat\/portal\/wp-json\/wp\/v2\/categories?post=8121"},{"taxonomy":"post_tag","embeddable":true,"href":"https:\/\/inclusioaltemporda.cat\/portal\/wp-json\/wp\/v2\/tags?post=8121"}],"curies":[{"name":"wp","href":"https:\/\/api.w.org\/{rel}","templated":true}]}}