{"id":8128,"date":"2021-12-30T09:37:30","date_gmt":"2021-12-30T08:37:30","guid":{"rendered":"https:\/\/inclusioaltemporda.cat\/portal\/?p=8128"},"modified":"2022-02-14T12:16:42","modified_gmt":"2022-02-14T11:16:42","slug":"el-servei-dhabitatge-social-de-larea-de-benestar","status":"publish","type":"post","link":"https:\/\/inclusioaltemporda.cat\/portal\/el-servei-dhabitatge-social-de-larea-de-benestar\/","title":{"rendered":"El Servei d&#8217;Habitatge Social de l&#8217;\u00e0rea de Benestar"},"content":{"rendered":"<div class=\"wpb-content-wrapper\"><p>[vc_row][vc_column][vc_column_text]L&#8217;\u00e0rea de Benestar social del Consell Comarcal de l&#8217;Alt Empord\u00e0 compta amb el Servei d\u2019Habitatge Social, un recurs espec\u00edfic per atendre situacions de sensellarisme. Aquest \u00e9s un servei de resid\u00e8ncia temporal per a persones adultes en situaci\u00f3 d\u2019exclusi\u00f3 social i fam\u00edlies monomarentals i monoparentals amb fills\/es a c\u00e0rrec que no disposen de xarxa familiar o de suport de proximitat. Actualment el servei disposa de 3 habitatges que compten amb 10 places.<\/p>\n<p>L&#8217;any 2021 el Servei d&#8217;Habitatge Social ha at\u00e8s 36 persones, de les quals un 30% eren menors d&#8217;edat.<\/p>\n<p>Enguany aquest servei, que est\u00e0 en funcionament a la comarca des de l&#8217;any 2008, ha comptat amb el suport econ\u00f2mic de Dipsalut, Organisme de Salut P\u00fablica de la Diputaci\u00f3 de Girona.[\/vc_column_text][\/vc_column][\/vc_row]<\/p>\n<\/div>","protected":false},"excerpt":{"rendered":"<p>L&#8217;\u00e0rea de Benestar social del Consell Comarcal de l&#8217;Alt Empord\u00e0 compta amb el Servei d\u2019Habitatge Social, un recurs espec\u00edfic per atendre situacions de sensellarisme.<\/p>\n","protected":false},"author":2,"featured_media":1084,"comment_status":"closed","ping_status":"closed","sticky":false,"template":"","format":"standard","meta":{"footnotes":""},"categories":[106,100,1,108],"tags":[],"class_list":["post-8128","post","type-post","status-publish","format-standard","has-post-thumbnail","hentry","category-administracions","category-area-benestar","category-general","category-mitjans-comunicacio","category-106","category-100","category-1","category-108","description-off"],"_links":{"self":[{"href":"https:\/\/inclusioaltemporda.cat\/portal\/wp-json\/wp\/v2\/posts\/8128","targetHints":{"allow":["GET"]}}],"collection":[{"href":"https:\/\/inclusioaltemporda.cat\/portal\/wp-json\/wp\/v2\/posts"}],"about":[{"href":"https:\/\/inclusioaltemporda.cat\/portal\/wp-json\/wp\/v2\/types\/post"}],"author":[{"embeddable":true,"href":"https:\/\/inclusioaltemporda.cat\/portal\/wp-json\/wp\/v2\/users\/2"}],"replies":[{"embeddable":true,"href":"https:\/\/inclusioaltemporda.cat\/portal\/wp-json\/wp\/v2\/comments?post=8128"}],"version-history":[{"count":4,"href":"https:\/\/inclusioaltemporda.cat\/portal\/wp-json\/wp\/v2\/posts\/8128\/revisions"}],"predecessor-version":[{"id":8132,"href":"https:\/\/inclusioaltemporda.cat\/portal\/wp-json\/wp\/v2\/posts\/8128\/revisions\/8132"}],"wp:featuredmedia":[{"embeddable":true,"href":"https:\/\/inclusioaltemporda.cat\/portal\/wp-json\/wp\/v2\/media\/1084"}],"wp:attachment":[{"href":"https:\/\/inclusioaltemporda.cat\/portal\/wp-json\/wp\/v2\/media?parent=8128"}],"wp:term":[{"taxonomy":"category","embeddable":true,"href":"https:\/\/inclusioaltemporda.cat\/portal\/wp-json\/wp\/v2\/categories?post=8128"},{"taxonomy":"post_tag","embeddable":true,"href":"https:\/\/inclusioaltemporda.cat\/portal\/wp-json\/wp\/v2\/tags?post=8128"}],"curies":[{"name":"wp","href":"https:\/\/api.w.org\/{rel}","templated":true}]}}