{"id":8142,"date":"2022-02-17T08:43:38","date_gmt":"2022-02-17T07:43:38","guid":{"rendered":"https:\/\/inclusioaltemporda.cat\/portal\/?p=8142"},"modified":"2022-02-22T09:38:51","modified_gmt":"2022-02-22T08:38:51","slug":"larea-de-benestar-fa-balanc-dels-tallers-de-memoria-i-gimnastica-del-2021-i-presenta-la-previsio-per-al-2022","status":"publish","type":"post","link":"https:\/\/inclusioaltemporda.cat\/portal\/larea-de-benestar-fa-balanc-dels-tallers-de-memoria-i-gimnastica-del-2021-i-presenta-la-previsio-per-al-2022\/","title":{"rendered":"L\u2019\u00c0rea de Benestar fa balan\u00e7 dels tallers de mem\u00f2ria i gimn\u00e0stica del 2021 i presenta la previsi\u00f3 per al 2022"},"content":{"rendered":"<div class=\"wpb-content-wrapper\"><p>[vc_row][vc_column][vc_column_text]Un cop acabat el 2021, l\u2019\u00c0rea de Benestar del Consell Comarcal de l\u2019Alt Empord\u00e0 ha fet balan\u00e7 de l\u2019organitzaci\u00f3 dels tallers de mem\u00f2ria i gimn\u00e0stica als municipis de l\u2019Alt Empord\u00e0.<\/p>\n<p>En el cas dels tallers de mem\u00f2ria, s\u2019han organitzat 41 tallers de mem\u00f2ria a 33 municipis, amb un total de 418 participants. La gran majoria han estat dones, amb una mitjana d\u2019edat de 76 anys. A m\u00e9s, l\u2019Equip d\u2019Atenci\u00f3 a les Fam\u00edlies i Envelliment actiu ha proporcionat materials a 18 persones m\u00e9s, per poder fer les activitats dels tallers a casa, ja sigui per correu o per whatsapp. Aquests mateixos materials s\u2019han posat a disposici\u00f3 dels ajuntaments per fer-los arribar a ve\u00efns i ve\u00efnes que no poden assistir presencialment als tallers, o que prefereixen fer les activitats des del seu domicili.<\/p>\n<p>Pel que fa als tallers de gimn\u00e0stica, se n\u2019han celebrat 16, a 14 municipis, i amb un total de 176 participants. La majoria tamb\u00e9 han estat dones, i en aquest cas la mitjana d\u2019edat de les participants ha estat de 72 anys.<\/p>\n<p>Al marge de l\u2019an\u00e0lisi quantitativa, cal destacar la import\u00e0ncia de la recuperaci\u00f3 de la presencialitat. Tant les persones participants com les professionals han agra\u00eft poder fer les activitats presencialment, per primer cop durant la pand\u00e8mia. Cal recordar que el col\u00b7lectiu de les persones grans ha estat dels m\u00e9s castigats pel que fa a l\u2019a\u00efllament social.<\/p>\n<p>Per a aquest 2022, es preveu recuperar l\u2019edici\u00f3 de primavera dels tallers. En aquests moments, hi ha previstos per a la primavera 33 tallers de mem\u00f2ria en 28 municipis, i per a la tardor 30 tallers m\u00e9s, en 26 municipis. Pel que fa als tallers de gimn\u00e0stica, n\u2019hi ha 19 de previstos a la primavera, en 16 municipis, i 15 m\u00e9s a la tardor, en 13 municipis.<\/p>\n<p>Es poden consultar municipis i horaris on faran els tallers al web del Consell Comarcal o amb l\u2019ajuntament. Per aquells que no puguin assistir als tallers, per\u00f2 volen comptar amb els materials, tant en versi\u00f3 online com en paper, poden contactar amb l\u2019ajuntament o amb el Consell Comarcal de l\u2019Alt Empord\u00e0 (659 68 30 70 \/\u00a0<span id=\"cloakbae722bf3a881f1f4a43087df8a52941\"><a href=\"mailto:serveisadomicili@altemporda.cat\">serveisadomicili@altemporda.cat<\/a><\/span>).[\/vc_column_text][\/vc_column][\/vc_row]<\/p>\n<\/div>","protected":false},"excerpt":{"rendered":"<p>En el cas dels tallers de mem\u00f2ria, s\u2019han organitzat 41 tallers de mem\u00f2ria a 33 municipis, amb un total de 418 participants. Pel que fa als tallers de gimn\u00e0stica, se n\u2019han celebrat 16, a 14 municipis, i amb un total de 176 participants.<\/p>\n","protected":false},"author":2,"featured_media":8151,"comment_status":"closed","ping_status":"closed","sticky":false,"template":"","format":"standard","meta":{"footnotes":""},"categories":[100,101,1,12],"tags":[],"class_list":["post-8142","post","type-post","status-publish","format-standard","has-post-thumbnail","hentry","category-area-benestar","category-ciutadania","category-general","category-pla-dinclusio-2","category-100","category-101","category-1","category-12","description-off"],"_links":{"self":[{"href":"https:\/\/inclusioaltemporda.cat\/portal\/wp-json\/wp\/v2\/posts\/8142","targetHints":{"allow":["GET"]}}],"collection":[{"href":"https:\/\/inclusioaltemporda.cat\/portal\/wp-json\/wp\/v2\/posts"}],"about":[{"href":"https:\/\/inclusioaltemporda.cat\/portal\/wp-json\/wp\/v2\/types\/post"}],"author":[{"embeddable":true,"href":"https:\/\/inclusioaltemporda.cat\/portal\/wp-json\/wp\/v2\/users\/2"}],"replies":[{"embeddable":true,"href":"https:\/\/inclusioaltemporda.cat\/portal\/wp-json\/wp\/v2\/comments?post=8142"}],"version-history":[{"count":2,"href":"https:\/\/inclusioaltemporda.cat\/portal\/wp-json\/wp\/v2\/posts\/8142\/revisions"}],"predecessor-version":[{"id":8152,"href":"https:\/\/inclusioaltemporda.cat\/portal\/wp-json\/wp\/v2\/posts\/8142\/revisions\/8152"}],"wp:featuredmedia":[{"embeddable":true,"href":"https:\/\/inclusioaltemporda.cat\/portal\/wp-json\/wp\/v2\/media\/8151"}],"wp:attachment":[{"href":"https:\/\/inclusioaltemporda.cat\/portal\/wp-json\/wp\/v2\/media?parent=8142"}],"wp:term":[{"taxonomy":"category","embeddable":true,"href":"https:\/\/inclusioaltemporda.cat\/portal\/wp-json\/wp\/v2\/categories?post=8142"},{"taxonomy":"post_tag","embeddable":true,"href":"https:\/\/inclusioaltemporda.cat\/portal\/wp-json\/wp\/v2\/tags?post=8142"}],"curies":[{"name":"wp","href":"https:\/\/api.w.org\/{rel}","templated":true}]}}