{"id":8145,"date":"2022-02-21T08:46:11","date_gmt":"2022-02-21T07:46:11","guid":{"rendered":"https:\/\/inclusioaltemporda.cat\/portal\/?p=8145"},"modified":"2022-02-21T08:46:11","modified_gmt":"2022-02-21T07:46:11","slug":"lassociacio-ranura-presenta-una-guia-per-a-joves-que-han-migrat-soles-en-el-marc-del-programa-benestar-i-comunitat-de-dipsalut","status":"publish","type":"post","link":"https:\/\/inclusioaltemporda.cat\/portal\/lassociacio-ranura-presenta-una-guia-per-a-joves-que-han-migrat-soles-en-el-marc-del-programa-benestar-i-comunitat-de-dipsalut\/","title":{"rendered":"L\u2019Associaci\u00f3 Ranura presenta una \u00abGuia per a joves que han migrat soles\u00bb, en el marc del Programa Benestar i Comunitat de Dipsalut"},"content":{"rendered":"<div class=\"wpb-content-wrapper\"><p>[vc_row][vc_column][vc_column_text]L\u2019Associaci\u00f3 Ranura, amb seu a Figueres, ha editat aquest mes de febrer la \u00abGuia per a joves que han migrat soles\u00bb. Aquesta guia s\u2019ha elaborat en el marc del projecte \u00abL\u2019Alt Empord\u00e0, una comarca inclusiva, amb salut i sostenible\u00bb coordinat pel Consell Comarcal de l\u2019Alt Empord\u00e0 i que compta amb el suport del Programa Benestar i Comunitat de Dipsalut.<\/p>\n<p>L\u2019objectiu de la guia \u00e9s oferir als i les joves que han migrat sols recursos emocionals perqu\u00e8 puguin afrontar la seva arribada als centres amb menys confusi\u00f3, explicant determinades maneres de fer amb qu\u00e8 es trobaran i animant-los a buscar suport entre l\u2019entorn que els acull. De fet, el contingut de la guia ha estat elaborat per un grup de nois i noies que han passat sols el proc\u00e9s migratori, i que per tant han pogut identificar de primera m\u00e0 quines s\u00f3n les necessitats emocionals que acostumen a apar\u00e8ixer durant aquest proc\u00e9s.<\/p>\n<p>L\u2019Associaci\u00f3 Ranura treballa en l\u2019acompanyament emocional, terap\u00e8utic i educatiu a infants, adolescents, fam\u00edlies i professionals. Una de les seves l\u00ednies de treball \u00e9s l\u2019acompanyament a joves que han migrat sols. En aquest sentit, el 2021 van crear un <a href=\"https:\/\/inclusioaltemporda.cat\/portal\/es-presenten-dues-iniciatives-en-el-marc-del-projecte-benestar-i-comunitat\/\">joc de cartes<\/a> per facilitar que aquestes joves poguessin identificar les emocions que intervenen en el proc\u00e9s migratori.<\/p>\n<p>A l\u2019Alt Empord\u00e0, el programa Benestar i Comunitat es concreta en el projecte global \u00abL\u2019Alt Empord\u00e0, una comarca inclusiva, amb salut i sostenible\u00bb, i la seva finalitat \u00e9s refor\u00e7ar els dispositius i recursos adre\u00e7ats a atendre les persones en situaci\u00f3 de major vulnerabilitat de la comarca, que tinguin com a objectiu millorar la seva qualitat de vida i l\u2019apoderament de la comunitat i les persones.<\/p>\n<p><b>Podeu descarregar la Guia <a href=\"https:\/\/inclusioaltemporda.cat\/portal\/wp-content\/uploads\/Guia-per-a-joves-que-han-migrat-soles.pdf\">aqu\u00ed<\/a><\/b>[\/vc_column_text][\/vc_column][\/vc_row]<\/p>\n<\/div>","protected":false},"excerpt":{"rendered":"<p>Aquesta guia s\u2019ha elaborat en el marc del projecte \u00abL\u2019Alt Empord\u00e0, una comarca inclusiva, amb salut i sostenible\u00bb coordinat pel Consell Comarcal de l\u2019Alt Empord\u00e0 i que compta amb el suport del Programa Benestar i Comunitat de Dipsalut.<\/p>\n","protected":false},"author":2,"featured_media":8147,"comment_status":"closed","ping_status":"closed","sticky":false,"template":"","format":"standard","meta":{"footnotes":""},"categories":[100,101,104,1,12],"tags":[],"class_list":["post-8145","post","type-post","status-publish","format-standard","has-post-thumbnail","hentry","category-area-benestar","category-ciutadania","category-entitats-socials","category-general","category-pla-dinclusio-2","category-100","category-101","category-104","category-1","category-12","description-off"],"_links":{"self":[{"href":"https:\/\/inclusioaltemporda.cat\/portal\/wp-json\/wp\/v2\/posts\/8145","targetHints":{"allow":["GET"]}}],"collection":[{"href":"https:\/\/inclusioaltemporda.cat\/portal\/wp-json\/wp\/v2\/posts"}],"about":[{"href":"https:\/\/inclusioaltemporda.cat\/portal\/wp-json\/wp\/v2\/types\/post"}],"author":[{"embeddable":true,"href":"https:\/\/inclusioaltemporda.cat\/portal\/wp-json\/wp\/v2\/users\/2"}],"replies":[{"embeddable":true,"href":"https:\/\/inclusioaltemporda.cat\/portal\/wp-json\/wp\/v2\/comments?post=8145"}],"version-history":[{"count":2,"href":"https:\/\/inclusioaltemporda.cat\/portal\/wp-json\/wp\/v2\/posts\/8145\/revisions"}],"predecessor-version":[{"id":8149,"href":"https:\/\/inclusioaltemporda.cat\/portal\/wp-json\/wp\/v2\/posts\/8145\/revisions\/8149"}],"wp:featuredmedia":[{"embeddable":true,"href":"https:\/\/inclusioaltemporda.cat\/portal\/wp-json\/wp\/v2\/media\/8147"}],"wp:attachment":[{"href":"https:\/\/inclusioaltemporda.cat\/portal\/wp-json\/wp\/v2\/media?parent=8145"}],"wp:term":[{"taxonomy":"category","embeddable":true,"href":"https:\/\/inclusioaltemporda.cat\/portal\/wp-json\/wp\/v2\/categories?post=8145"},{"taxonomy":"post_tag","embeddable":true,"href":"https:\/\/inclusioaltemporda.cat\/portal\/wp-json\/wp\/v2\/tags?post=8145"}],"curies":[{"name":"wp","href":"https:\/\/api.w.org\/{rel}","templated":true}]}}