{"id":8160,"date":"2022-03-14T16:04:14","date_gmt":"2022-03-14T15:04:14","guid":{"rendered":"https:\/\/inclusioaltemporda.cat\/portal\/?p=8160"},"modified":"2022-03-14T16:04:14","modified_gmt":"2022-03-14T15:04:14","slug":"el-servei-de-teleassistencia-amplia-prestacions","status":"publish","type":"post","link":"https:\/\/inclusioaltemporda.cat\/portal\/el-servei-de-teleassistencia-amplia-prestacions\/","title":{"rendered":"El servei de teleassist\u00e8ncia amplia prestacions"},"content":{"rendered":"<div class=\"wpb-content-wrapper\"><p>[vc_row][vc_column][vc_column_text]El Consell Comarcal de l\u2019Alt Empord\u00e0 ofereix el Servei Local de Teleassist\u00e8ncia, mitjan\u00e7ant un conveni de col\u00b7laboraci\u00f3 amb la Diputaci\u00f3 de Girona, en el marc de les prestacions de l\u2019\u00e0rea de Benestar social als municipis menors de 20.000 habitants. El servei ha crescut, aquest 2022, en prestacions oferint dispositius adaptats a les necessitats de cada usuari.<\/p>\n<p>La teleassist\u00e8ncia es tracta d\u2019un servei preventiu i de proximitat que ofereix a les persones grans o amb depend\u00e8ncia i als seus cuidadors un suport personal per continuar vivint al seu domicili. El principal objectiu de la teleassist\u00e8ncia \u00e9s oferir seguretat, acompanyament i suport a la persona usu\u00e0ria i els seus familiars, en el seu entorn habitual.<\/p>\n<p>El servei s\u2019ha ampliat amb una nova modalitat que ha fet reestructurar el servei. Actualment, s\u2019ofereix la teleassist\u00e8ncia est\u00e0ndard, basada en un dispositiu en forma de penjoll que permet contactar amb professionals multidisciplinars, i la teleassist\u00e8ncia complement\u00e0ria, que afegeix al servei est\u00e0ndard un seguit de dispositius que permeten detectar riscos a la llar i fora.<\/p>\n<p>Els dispositius complementaris adapten el servei a les necessitats de cada usuari. Aquells que surten de casa compten amb un dispositiu de teleassist\u00e8ncia m\u00f2bil, un dispositiu de localitzaci\u00f3 GPS o l\u2019acc\u00e9s a l\u2019aplicatiu myCareAssist. Pel que fa a la llar es disposen de sensors de fum, de gasos o de mon\u00f2xid de carboni. Els professionals tamb\u00e9 valoren, segons les necessitats, la instal\u00b7laci\u00f3 de sensors de moviment i obertura de portes, detector de caigudes, detectors d\u2019eneuresi o d\u2019ocupaci\u00f3 del llit o el sof\u00e0.<\/p>\n<p>&nbsp;<\/p>\n<p><strong>Els objectius de la teleassist\u00e8ncia<\/strong><\/p>\n<p>Les persones benefici\u00e0ries d\u2019aquest servei tenen la seguretat i la tranquil\u00b7litat que davant de situacions de crisi, caigudes, emerg\u00e8ncies sanit\u00e0ries o de l\u2019habitatge, poden contactar de forma immediata amb el centre d\u2019atenci\u00f3 mitjan\u00e7ant un terminal de teleassist\u00e8ncia. El servei no es limita nom\u00e9s als casos d\u2019emerg\u00e8ncia sin\u00f3 que pret\u00e9n fer un acompanyament en el dia a dia de la persona usu\u00e0ria, donant-li suport i oferint-li companyia amb l\u2019objectiu d\u2019augmentar la seva qualitat de vida. El servei combina els dispositius tecnol\u00f2gics amb un equip de professionals multidisciplinaris, que assegura l\u2019atenci\u00f3 a la persona usu\u00e0ria les 24 hores del dia, els 365 dies de l\u2019any.<\/p>\n<p>El Servei de teleassist\u00e8ncia domicili\u00e0ria del consell comarcal dona cobertura a les persones residents i empadronades a la comarca, tret del municipi de Figueres, que compta amb el servei propi. Per accedir a aquest servei que ofereix el consell comarcal s\u2019ha de contactar amb un dels seg\u00fcents tel\u00e8fons:<br \/>\n\u2022 Castell\u00f3 d\u2019Emp\u00faries: 972 456611<br \/>\n\u2022 l\u2019Escala: 972 771556<br \/>\n\u2022 Roses: 972 152926<br \/>\n\u2022 Resta de municipis de la comarca: 972 522000<\/p>\n<p>El Servei Local de Teleassist\u00e8ncia t\u00e9 actualment, a l\u2019Alt Empord\u00e0, un grau de cobertura d\u2019un 6,4% de la poblaci\u00f3 major de 65 anys, el que representa un total de 1.445 persones usu\u00e0ries d\u2019aquest servei.<\/p>\n<p>El perfil majoritari de la persona que utilitza aquest servei \u00e9s el d\u2019una dona major de 85 anys que viu sola. Un 75% de les persones usu\u00e0ries s\u00f3n dones. Pel que fa a l\u2019edat de les persones usu\u00e0ries un 55% tenen m\u00e9s de 85 anys, un 42% entre 65 i 84 anys i el 3% restant s\u00f3n menors de 65 anys. Un 41% de les persones usu\u00e0ries del servei viuen soles.<\/p>\n<p>L\u2019any 2021 el Centre d\u2019Atenci\u00f3 va gestionar m\u00e9s de 65.748 trucades de persones de la comarca i el Servei Local de Teleassist\u00e8ncia va atendre 896 situacions d\u2019emerg\u00e8ncia que va mobilitzar diferents recursos com el 061, els propis familiars de l\u2019usuari, policia o bombers.<\/p>\n<p>[\/vc_column_text][\/vc_column][\/vc_row]<\/p>\n<\/div>","protected":false},"excerpt":{"rendered":"<p>El Consell Comarcal de l\u2019Alt Empord\u00e0 ofereix el Servei Local de Teleassist\u00e8ncia que aquest 2022 ha crescut en prestacions oferint dispositius adaptats a les necessitats de cada usuari.<\/p>\n","protected":false},"author":2,"featured_media":7594,"comment_status":"closed","ping_status":"closed","sticky":false,"template":"","format":"standard","meta":{"footnotes":""},"categories":[106,100,101,1,108,102],"tags":[],"class_list":["post-8160","post","type-post","status-publish","format-standard","has-post-thumbnail","hentry","category-administracions","category-area-benestar","category-ciutadania","category-general","category-mitjans-comunicacio","category-professionals-ambit-social","category-106","category-100","category-101","category-1","category-108","category-102","description-off"],"_links":{"self":[{"href":"https:\/\/inclusioaltemporda.cat\/portal\/wp-json\/wp\/v2\/posts\/8160","targetHints":{"allow":["GET"]}}],"collection":[{"href":"https:\/\/inclusioaltemporda.cat\/portal\/wp-json\/wp\/v2\/posts"}],"about":[{"href":"https:\/\/inclusioaltemporda.cat\/portal\/wp-json\/wp\/v2\/types\/post"}],"author":[{"embeddable":true,"href":"https:\/\/inclusioaltemporda.cat\/portal\/wp-json\/wp\/v2\/users\/2"}],"replies":[{"embeddable":true,"href":"https:\/\/inclusioaltemporda.cat\/portal\/wp-json\/wp\/v2\/comments?post=8160"}],"version-history":[{"count":1,"href":"https:\/\/inclusioaltemporda.cat\/portal\/wp-json\/wp\/v2\/posts\/8160\/revisions"}],"predecessor-version":[{"id":8161,"href":"https:\/\/inclusioaltemporda.cat\/portal\/wp-json\/wp\/v2\/posts\/8160\/revisions\/8161"}],"wp:featuredmedia":[{"embeddable":true,"href":"https:\/\/inclusioaltemporda.cat\/portal\/wp-json\/wp\/v2\/media\/7594"}],"wp:attachment":[{"href":"https:\/\/inclusioaltemporda.cat\/portal\/wp-json\/wp\/v2\/media?parent=8160"}],"wp:term":[{"taxonomy":"category","embeddable":true,"href":"https:\/\/inclusioaltemporda.cat\/portal\/wp-json\/wp\/v2\/categories?post=8160"},{"taxonomy":"post_tag","embeddable":true,"href":"https:\/\/inclusioaltemporda.cat\/portal\/wp-json\/wp\/v2\/tags?post=8160"}],"curies":[{"name":"wp","href":"https:\/\/api.w.org\/{rel}","templated":true}]}}