{"id":8163,"date":"2022-03-24T10:29:30","date_gmt":"2022-03-24T09:29:30","guid":{"rendered":"https:\/\/inclusioaltemporda.cat\/portal\/?p=8163"},"modified":"2022-03-24T10:29:30","modified_gmt":"2022-03-24T09:29:30","slug":"alumnes-de-linstitut-cendrassos-de-figueres-collaboren-amb-el-projecte-comunitari-dalfabetitzacio-digital-tic-tac","status":"publish","type":"post","link":"https:\/\/inclusioaltemporda.cat\/portal\/alumnes-de-linstitut-cendrassos-de-figueres-collaboren-amb-el-projecte-comunitari-dalfabetitzacio-digital-tic-tac\/","title":{"rendered":"Alumnes de l\u2019Institut Cendrassos de Figueres col\u00b7laboren amb el Projecte comunitari d\u2019alfabetitzaci\u00f3 digital TIC-TAC"},"content":{"rendered":"<div class=\"wpb-content-wrapper\"><p>[vc_row][vc_column][vc_column_text]Enguany s\u2019est\u00e0 duent a terme una nova edici\u00f3 del <a href=\"https:\/\/inclusioaltemporda.cat\/portal\/el-consell-comarcal-de-lalt-emporda-inicia-una-nova-edicio-del-tic-tac-projecte-comunitari-dalfabetitzacio-digital\/\">Projecte TIC-TAC<\/a> a Sant Pere Pescador, una iniciativa de dinamitzaci\u00f3 comunit\u00e0ria i formaci\u00f3 TIC al municipi. Aquesta acci\u00f3 ha estat dinamitzada pels professionals d\u2019acci\u00f3 comunit\u00e0ria, d\u2019acollida i la mediadora intercultural de l\u2019Equip d\u2019Inclusi\u00f3 i Atenci\u00f3 a la Comunitat del Consell Comarcal.<\/p>\n<p>En aquesta nova edici\u00f3 s\u2019ha engegat una via de col\u00b7laboraci\u00f3 amb l\u2019Institut Cendrassos de Figueres i, concretament, s\u2019ha treballat conjuntament amb l\u2019alumnat i professorat del cicle superior de Desenvolupament d\u2019Aplicacions Web (DAW). Aquesta col\u00b7laboraci\u00f3 ha perm\u00e8s dissenyar i desenvolupar un portal web que aglutina el procediment dels diversos tr\u00e0mits i gestions que els i les participants del TIC-TAC han treballat durant les sessions formatives. A m\u00e9s, en aquest web s\u2019hi ha contemplat un espai participatiu on els visitants podran fer comentaris i solucionar dubtes de forma col\u00b7laborativa.<\/p>\n<p>L\u2019aplicaci\u00f3 web, desenvolupada per l\u2019alumnat del cicle superior de Desenvolupament d\u2019Aplicacions Web de l&#8217;Institut Cendrassos de Figueres, s\u2019ha presentat al concurs <a href=\"https:\/\/wapps.cat\/\">Wapps.cat<\/a>, en qu\u00e8 participen diversos projectes d\u2019aplicacions en catal\u00e0.<\/p>\n<p>El projecte, que es troba en fase de desenvolupament final per part de l\u2019alumnat, ser\u00e0 una realitat i estar\u00e0 disponible durant els propers mesos amb el prop\u00f2sit que esdevingui una guia de refer\u00e8ncia per a la ciutadania a l\u2019hora de realitzar tr\u00e0mits i gestions on-line.<\/p>\n<p>El Projecte comunitari d\u2019alfabetitzaci\u00f3 digital \u00e9s una iniciativa impulsada per l\u2019Equip d\u2019Inclusi\u00f3 i Atenci\u00f3 a la Comunitat del Consell Comarcal, que compta amb el suport econ\u00f2mic del Programa Benestar i Comunitat de Dipsalut.[\/vc_column_text][\/vc_column][\/vc_row]<\/p>\n<\/div>","protected":false},"excerpt":{"rendered":"<p>Aquesta acci\u00f3 ha estat dinamitzada pels professionals d\u2019acci\u00f3 comunit\u00e0ria, d\u2019acollida i la mediadora intercultural de l\u2019Equip d\u2019Inclusi\u00f3 i Atenci\u00f3 a la Comunitat del Consell Comarcal.<\/p>\n","protected":false},"author":2,"featured_media":8164,"comment_status":"closed","ping_status":"closed","sticky":false,"template":"","format":"standard","meta":{"footnotes":""},"categories":[106,100,101,103,1,12],"tags":[],"class_list":["post-8163","post","type-post","status-publish","format-standard","has-post-thumbnail","hentry","category-administracions","category-area-benestar","category-ciutadania","category-estudiants-escoles-instituts","category-general","category-pla-dinclusio-2","category-106","category-100","category-101","category-103","category-1","category-12","description-off"],"_links":{"self":[{"href":"https:\/\/inclusioaltemporda.cat\/portal\/wp-json\/wp\/v2\/posts\/8163","targetHints":{"allow":["GET"]}}],"collection":[{"href":"https:\/\/inclusioaltemporda.cat\/portal\/wp-json\/wp\/v2\/posts"}],"about":[{"href":"https:\/\/inclusioaltemporda.cat\/portal\/wp-json\/wp\/v2\/types\/post"}],"author":[{"embeddable":true,"href":"https:\/\/inclusioaltemporda.cat\/portal\/wp-json\/wp\/v2\/users\/2"}],"replies":[{"embeddable":true,"href":"https:\/\/inclusioaltemporda.cat\/portal\/wp-json\/wp\/v2\/comments?post=8163"}],"version-history":[{"count":1,"href":"https:\/\/inclusioaltemporda.cat\/portal\/wp-json\/wp\/v2\/posts\/8163\/revisions"}],"predecessor-version":[{"id":8165,"href":"https:\/\/inclusioaltemporda.cat\/portal\/wp-json\/wp\/v2\/posts\/8163\/revisions\/8165"}],"wp:featuredmedia":[{"embeddable":true,"href":"https:\/\/inclusioaltemporda.cat\/portal\/wp-json\/wp\/v2\/media\/8164"}],"wp:attachment":[{"href":"https:\/\/inclusioaltemporda.cat\/portal\/wp-json\/wp\/v2\/media?parent=8163"}],"wp:term":[{"taxonomy":"category","embeddable":true,"href":"https:\/\/inclusioaltemporda.cat\/portal\/wp-json\/wp\/v2\/categories?post=8163"},{"taxonomy":"post_tag","embeddable":true,"href":"https:\/\/inclusioaltemporda.cat\/portal\/wp-json\/wp\/v2\/tags?post=8163"}],"curies":[{"name":"wp","href":"https:\/\/api.w.org\/{rel}","templated":true}]}}