{"id":8169,"date":"2022-04-19T09:28:06","date_gmt":"2022-04-19T07:28:06","guid":{"rendered":"https:\/\/inclusioaltemporda.cat\/portal\/?p=8169"},"modified":"2022-04-19T09:28:06","modified_gmt":"2022-04-19T07:28:06","slug":"es-presenta-el-diagnostic-social-de-sant-pere-pescador","status":"publish","type":"post","link":"https:\/\/inclusioaltemporda.cat\/portal\/es-presenta-el-diagnostic-social-de-sant-pere-pescador\/","title":{"rendered":"Es presenta el diagn\u00f2stic social de Sant Pere Pescador"},"content":{"rendered":"<div class=\"wpb-content-wrapper\"><p>[vc_row][vc_column][vc_column_text]El passat 24 de mar\u00e7 es va fer una presentaci\u00f3 del Diagn\u00f2stic social de Sant Pere Pescador al Casal de la Gent Gran, a la qual van assistir una trentena de persones.<\/p>\n<p>Aquest diagn\u00f2stic, realitzat durant la segona meitat de l\u2019any 2020, analitza la realitat social del municipi en diversos \u00e0mbits: poblaci\u00f3 i territori, \u00e0mbit educatiu, \u00e0mbit econ\u00f2mic i laboral, risc d\u2019exclusi\u00f3 social, salut, participaci\u00f3 i associacionisme.<\/p>\n<p>El proc\u00e9s de diagn\u00f2stic, que va ser elaborat per l\u2019Equip d\u2019Acci\u00f3 Comunit\u00e0ria de Sant Pere Pescador, incorpora, per a cadascun dels \u00e0mbits, informaci\u00f3 de car\u00e0cter quantitatiu i qualitatiu recollida a partir de fonts secund\u00e0ries i dels seus agents representatius. \u00c9s destacable que, malgrat la incertesa derivada de la pand\u00e8mia de la COVID-19, m\u00e9s de 20 agents i persones del municipis participessin en l&#8217;elaboraci\u00f3 del diagn\u00f2stic social de Sant Pere Pescador.<\/p>\n<p>La presentaci\u00f3, organitzada per la Taula de salut comunit\u00e0ria del municipi, tenia la voluntat de fer una devolutiva a la ciutadania del coneixement col\u00b7lectiu recollit durant l\u2019elaboraci\u00f3 del diagn\u00f2stic. A trav\u00e9s d\u2019una sessi\u00f3 participativa, es van compartir les principals dades (a partir d\u2019an\u00e0lisi de diversos indicadors i la realitzaci\u00f3 de 17 entrevistes) que ajuden a comprendre la realitat del municipi. A m\u00e9s, es va aprofitar l\u2019avinentesa per presentar l\u2019equip d\u2019acci\u00f3 comunit\u00e0ria i la seva t\u00e8cnica, alguns dels projectes engegats des de l\u2019Equip d\u2019Inclusi\u00f3 a Sant Pere Pescador i l\u2019obertura del nou espai d\u2019atenci\u00f3 comunit\u00e0ria a la ciutadania, situat a l\u2019Espai d\u2019Entitats.[\/vc_column_text][\/vc_column][\/vc_row]<\/p>\n<\/div>","protected":false},"excerpt":{"rendered":"<p>Aquest diagn\u00f2stic analitza la realitat social del municipi en diversos \u00e0mbits: poblaci\u00f3 i territori, \u00e0mbit educatiu, \u00e0mbit econ\u00f2mic i laboral, risc d\u2019exclusi\u00f3 social, salut, participaci\u00f3 i associacionisme.<\/p>\n","protected":false},"author":2,"featured_media":8170,"comment_status":"closed","ping_status":"closed","sticky":false,"template":"","format":"standard","meta":{"footnotes":""},"categories":[106,100,101,1,12],"tags":[],"class_list":["post-8169","post","type-post","status-publish","format-standard","has-post-thumbnail","hentry","category-administracions","category-area-benestar","category-ciutadania","category-general","category-pla-dinclusio-2","category-106","category-100","category-101","category-1","category-12","description-off"],"_links":{"self":[{"href":"https:\/\/inclusioaltemporda.cat\/portal\/wp-json\/wp\/v2\/posts\/8169","targetHints":{"allow":["GET"]}}],"collection":[{"href":"https:\/\/inclusioaltemporda.cat\/portal\/wp-json\/wp\/v2\/posts"}],"about":[{"href":"https:\/\/inclusioaltemporda.cat\/portal\/wp-json\/wp\/v2\/types\/post"}],"author":[{"embeddable":true,"href":"https:\/\/inclusioaltemporda.cat\/portal\/wp-json\/wp\/v2\/users\/2"}],"replies":[{"embeddable":true,"href":"https:\/\/inclusioaltemporda.cat\/portal\/wp-json\/wp\/v2\/comments?post=8169"}],"version-history":[{"count":1,"href":"https:\/\/inclusioaltemporda.cat\/portal\/wp-json\/wp\/v2\/posts\/8169\/revisions"}],"predecessor-version":[{"id":8171,"href":"https:\/\/inclusioaltemporda.cat\/portal\/wp-json\/wp\/v2\/posts\/8169\/revisions\/8171"}],"wp:featuredmedia":[{"embeddable":true,"href":"https:\/\/inclusioaltemporda.cat\/portal\/wp-json\/wp\/v2\/media\/8170"}],"wp:attachment":[{"href":"https:\/\/inclusioaltemporda.cat\/portal\/wp-json\/wp\/v2\/media?parent=8169"}],"wp:term":[{"taxonomy":"category","embeddable":true,"href":"https:\/\/inclusioaltemporda.cat\/portal\/wp-json\/wp\/v2\/categories?post=8169"},{"taxonomy":"post_tag","embeddable":true,"href":"https:\/\/inclusioaltemporda.cat\/portal\/wp-json\/wp\/v2\/tags?post=8169"}],"curies":[{"name":"wp","href":"https:\/\/api.w.org\/{rel}","templated":true}]}}