{"id":817,"date":"2012-11-29T13:05:27","date_gmt":"2012-11-29T12:05:27","guid":{"rendered":"https:\/\/inclusioaltemporda.cat\/portal\/?p=817"},"modified":"2016-02-01T09:21:55","modified_gmt":"2016-02-01T08:21:55","slug":"enquesta-de-condicions-de-vida-i-habits-de-la-poblacio-a-catalunya-2011","status":"publish","type":"post","link":"https:\/\/inclusioaltemporda.cat\/portal\/enquesta-de-condicions-de-vida-i-habits-de-la-poblacio-a-catalunya-2011\/","title":{"rendered":"Enquesta de Condicions de Vida i H\u00e0bits de la poblaci\u00f3 a Catalunya 2011"},"content":{"rendered":"<p><!--:CA--><a href=\"http:\/\/www.sxc.hu\/photo\/840316\"><img loading=\"lazy\" decoding=\"async\" class=\"alignleft  wp-image-820\" title=\"840316_-diversity_5-\" src=\"https:\/\/inclusioaltemporda.cat\/portal\/wp-content\/uploads\/840316_-diversity_5-.jpg\" alt=\"\" width=\"128\" height=\"86\" \/><\/a>L&#8217;Institut d&#8217;Estudis Regionals i Metropolitans de Barcelona (IERM) publica les primeres dades de l&#8217;<a title=\"Enquesta de condicions de vida i h\u00e0bits de la poblaci\u00f3 de Catalunya 2011 (ECVHP 2011)\" href=\"http:\/\/www.enquestadecondicionsdevida.cat\/\">Enquesta de condicions de vida i h\u00e0bits de la poblaci\u00f3 de Catalunya 201<\/a>1. Aquesta enquesta ofereix dades sobre la renda i la situaci\u00f3 social i econ\u00f2mica de les llars a Catalunya amb una periodicitat quinquennal. Les dades permeten l&#8217;an\u00e0lisi de l&#8217;estructura social i les din\u00e0miques socials i econ\u00f2miques a diverses escales territorials. Ofereix informaci\u00f3 sobre les dimensions seg\u00fcents: proced\u00e8ncia geogr\u00e0fica i llengua; estudis i formaci\u00f3; activitat i ocupaci\u00f3; ingressos i renda; condicions de l&#8217;habitatge i costos associats; mobilitat residencial; \u00fas i valoraci\u00f3 de l&#8217;entorn residencial; relacions socials; salut i autonomia.<!--:--><!--:en--><\/p>\n<p><!--:--><!--:fr--><\/p>\n<p><!--:--><!--:es--><\/p>\n<p><!--:--><\/p>\n","protected":false},"excerpt":{"rendered":"<p>L&#8217;Institut d&#8217;Estudis Regionals i Metropolitans de Barcelona (IERM) publica les primeres dades de l&#8217;Enquesta de condicions de vida i h\u00e0bits de la poblaci\u00f3 de Catalunya 2011. Aquesta enquesta ofereix dades&hellip;<\/p>\n","protected":false},"author":3,"featured_media":0,"comment_status":"closed","ping_status":"closed","sticky":false,"template":"","format":"standard","meta":{"footnotes":""},"categories":[1],"tags":[24,18],"class_list":["post-817","post","type-post","status-publish","format-standard","hentry","category-general","tag-inclusio-social","tag-observatori","category-1","description-off"],"_links":{"self":[{"href":"https:\/\/inclusioaltemporda.cat\/portal\/wp-json\/wp\/v2\/posts\/817","targetHints":{"allow":["GET"]}}],"collection":[{"href":"https:\/\/inclusioaltemporda.cat\/portal\/wp-json\/wp\/v2\/posts"}],"about":[{"href":"https:\/\/inclusioaltemporda.cat\/portal\/wp-json\/wp\/v2\/types\/post"}],"author":[{"embeddable":true,"href":"https:\/\/inclusioaltemporda.cat\/portal\/wp-json\/wp\/v2\/users\/3"}],"replies":[{"embeddable":true,"href":"https:\/\/inclusioaltemporda.cat\/portal\/wp-json\/wp\/v2\/comments?post=817"}],"version-history":[{"count":7,"href":"https:\/\/inclusioaltemporda.cat\/portal\/wp-json\/wp\/v2\/posts\/817\/revisions"}],"predecessor-version":[{"id":3366,"href":"https:\/\/inclusioaltemporda.cat\/portal\/wp-json\/wp\/v2\/posts\/817\/revisions\/3366"}],"wp:attachment":[{"href":"https:\/\/inclusioaltemporda.cat\/portal\/wp-json\/wp\/v2\/media?parent=817"}],"wp:term":[{"taxonomy":"category","embeddable":true,"href":"https:\/\/inclusioaltemporda.cat\/portal\/wp-json\/wp\/v2\/categories?post=817"},{"taxonomy":"post_tag","embeddable":true,"href":"https:\/\/inclusioaltemporda.cat\/portal\/wp-json\/wp\/v2\/tags?post=817"}],"curies":[{"name":"wp","href":"https:\/\/api.w.org\/{rel}","templated":true}]}}