{"id":8180,"date":"2022-05-13T14:05:37","date_gmt":"2022-05-13T12:05:37","guid":{"rendered":"https:\/\/inclusioaltemporda.cat\/portal\/?p=8180"},"modified":"2022-05-13T14:05:37","modified_gmt":"2022-05-13T12:05:37","slug":"larea-de-benestar-impulsa-la-creacio-de-la-taula-dinfancia-i-adolescencia-de-lalt-emporda","status":"publish","type":"post","link":"https:\/\/inclusioaltemporda.cat\/portal\/larea-de-benestar-impulsa-la-creacio-de-la-taula-dinfancia-i-adolescencia-de-lalt-emporda\/","title":{"rendered":"L\u2019\u00c0rea de Benestar impulsa la creaci\u00f3 de la Taula d\u2019Inf\u00e0ncia i Adolesc\u00e8ncia de l\u2019Alt Empord\u00e0"},"content":{"rendered":"<div class=\"wpb-content-wrapper\"><p>[vc_row][vc_column][vc_column_text]<span style=\"color: #000000;\"><span style=\"font-family: Liberation Sans, sans-serif;\"><span style=\"font-size: small;\">El proper 3 de juny, en el marc de la Jornada \u00abPosant la mirada en les pol\u00edtiques d\u2019inf\u00e0ncia a l\u2019Alt Empord\u00e0\u00bb, l\u2019\u00c0rea de Benestar del Consell Comarcal presentar\u00e0 la TIAF, Taula d\u2019Inf\u00e0ncia, Adolesc\u00e8ncia i Fam\u00edlies.<\/span><\/span><\/span><\/p>\n<p><span style=\"color: #000000;\"><span style=\"font-family: Liberation Sans, sans-serif;\"><span style=\"font-size: small;\">La TIAF \u00e9s un espai de coordinaci\u00f3 t\u00e8cnic i pol\u00edtic i de participaci\u00f3 que permetr\u00e0 analitzar i con\u00e8ixer millor la situaci\u00f3 de la inf\u00e0ncia i l&#8217;adolesc\u00e8ncia de la comarca, identificar-ne noves necessitats d&#8217;intervenci\u00f3 i cercar sinergies de treball entre els diferents agents del territori per atendre millor aquest col\u00b7lectiu i les seves necessitats.<\/span><\/span><\/span><\/p>\n<p><span style=\"font-family: Liberation Sans, sans-serif;\"><span style=\"font-size: small;\"><span style=\"color: #000000;\">La jornada tindr\u00e0 lloc el proper divendres, 3 de juny, al Teatre Municipal de Roses, i t\u00e9 com a objectiu<\/span><span style=\"color: #000000;\"> compartir <\/span><span style=\"color: #000000;\">aquesta iniciativa <\/span><span style=\"color: #000000;\">amb els diferents agents que treballen cada dia al costat de la inf\u00e0ncia i l\u2019adolesc\u00e8ncia.<\/span><\/span><\/span><\/p>\n<p><span style=\"color: #000000;\"><span style=\"font-family: Liberation Sans, sans-serif;\"><span style=\"font-size: small;\">La jornada comptar\u00e0 amb la pon\u00e8ncia inaugural de l\u2019arquitecta, urbanista i activista social Raquel Congosto i tot seguit una taula rodona amb la pres\u00e8ncia dels responsables de la Taula d\u2019Inf\u00e0ncia d\u2019Osona, que compartiran la seva experi\u00e8ncia. Finalment, tamb\u00e9 \u00e9s realitzar\u00e0 una presentaci\u00f3 de les principals actuacions i l\u00ednies de treball previstes per la TIAF. L\u2019acte ser\u00e0 condu\u00eft per la periodista Milagros P\u00e9rez Oliva.<\/span><\/span><\/span><\/p>\n<p><span style=\"color: #000000;\"><span style=\"font-family: Liberation Sans, sans-serif;\"><span style=\"font-size: small;\">Podeu inscriure-us a la jornada a trav\u00e9s d\u2019aquest <a href=\"https:\/\/docs.google.com\/forms\/d\/e\/1FAIpQLScXGKVGQEQ5dQO3PKLBOJUh644Xb5c1As1EiVLGMfSSeKF_yw\/viewform\">enlla\u00e7<\/a>, abans del 27 de maig, i descarregar-vos el programa de la jornada <a href=\"https:\/\/inclusioaltemporda.cat\/portal\/wp-content\/uploads\/202206_PROGRAMA_TIAF_v2_amb-hipervincle.pdf\">aqu\u00ed<\/a>.<\/span><\/span><\/span><\/p>\n<p>Per a m\u00e9s informaci\u00f3:<\/p>\n<p>Tel\u00e8fon: 972.67.70.50<\/p>\n<p>Correu: taulainfancia@altemporda.cat[\/vc_column_text][\/vc_column][\/vc_row]<\/p>\n<\/div>","protected":false},"excerpt":{"rendered":"<p>El proper 3 de juny, en el marc de la Jornada \u00abPosant la mirada en les pol\u00edtiques d\u2019inf\u00e0ncia a l\u2019Alt Empord\u00e0\u00bb, l\u2019\u00c0rea de Benestar del Consell Comarcal presentar\u00e0 la TIAF, Taula d\u2019Inf\u00e0ncia, Adolesc\u00e8ncia i Fam\u00edlies.<\/p>\n","protected":false},"author":2,"featured_media":8178,"comment_status":"closed","ping_status":"closed","sticky":false,"template":"","format":"standard","meta":{"footnotes":""},"categories":[106,100,101,104,1,127,12,102],"tags":[],"class_list":["post-8180","post","type-post","status-publish","format-standard","has-post-thumbnail","hentry","category-administracions","category-area-benestar","category-ciutadania","category-entitats-socials","category-general","category-infancia-i-adolescencia","category-pla-dinclusio-2","category-professionals-ambit-social","category-106","category-100","category-101","category-104","category-1","category-127","category-12","category-102","description-off"],"_links":{"self":[{"href":"https:\/\/inclusioaltemporda.cat\/portal\/wp-json\/wp\/v2\/posts\/8180","targetHints":{"allow":["GET"]}}],"collection":[{"href":"https:\/\/inclusioaltemporda.cat\/portal\/wp-json\/wp\/v2\/posts"}],"about":[{"href":"https:\/\/inclusioaltemporda.cat\/portal\/wp-json\/wp\/v2\/types\/post"}],"author":[{"embeddable":true,"href":"https:\/\/inclusioaltemporda.cat\/portal\/wp-json\/wp\/v2\/users\/2"}],"replies":[{"embeddable":true,"href":"https:\/\/inclusioaltemporda.cat\/portal\/wp-json\/wp\/v2\/comments?post=8180"}],"version-history":[{"count":1,"href":"https:\/\/inclusioaltemporda.cat\/portal\/wp-json\/wp\/v2\/posts\/8180\/revisions"}],"predecessor-version":[{"id":8181,"href":"https:\/\/inclusioaltemporda.cat\/portal\/wp-json\/wp\/v2\/posts\/8180\/revisions\/8181"}],"wp:featuredmedia":[{"embeddable":true,"href":"https:\/\/inclusioaltemporda.cat\/portal\/wp-json\/wp\/v2\/media\/8178"}],"wp:attachment":[{"href":"https:\/\/inclusioaltemporda.cat\/portal\/wp-json\/wp\/v2\/media?parent=8180"}],"wp:term":[{"taxonomy":"category","embeddable":true,"href":"https:\/\/inclusioaltemporda.cat\/portal\/wp-json\/wp\/v2\/categories?post=8180"},{"taxonomy":"post_tag","embeddable":true,"href":"https:\/\/inclusioaltemporda.cat\/portal\/wp-json\/wp\/v2\/tags?post=8180"}],"curies":[{"name":"wp","href":"https:\/\/api.w.org\/{rel}","templated":true}]}}