{"id":8245,"date":"2022-05-27T13:46:38","date_gmt":"2022-05-27T11:46:38","guid":{"rendered":"https:\/\/inclusioaltemporda.cat\/portal\/?p=8245"},"modified":"2022-05-27T13:46:38","modified_gmt":"2022-05-27T11:46:38","slug":"larea-de-benestar-celebra-la-jornada-anual-del-comite-detica","status":"publish","type":"post","link":"https:\/\/inclusioaltemporda.cat\/portal\/larea-de-benestar-celebra-la-jornada-anual-del-comite-detica\/","title":{"rendered":"L\u2019\u00c0rea de Benestar celebra la Jornada anual del Comit\u00e8 d\u2019\u00c8tica"},"content":{"rendered":"<div class=\"wpb-content-wrapper\"><p>[vc_row][vc_column][vc_column_text]<span style=\"color: #000000;\"><span style=\"font-family: Liberation Sans, sans-serif;\"><span style=\"font-size: small;\">El passat 25 de maig, els i les professionals de l\u2019\u00c0rea de Benestar del Consell Comarcal es van reunir al Centre de Turisme Cultural Sant Dom\u00e8nec de Peralada en el marc del la Jornada anual de treball del <a href=\"https:\/\/inclusioaltemporda.cat\/portal\/comite-etica\/\">Comit\u00e8 d&#8217;\u00c8tica<\/a>.<\/span><\/span><\/span><\/p>\n<p><span style=\"color: #000000;\"><span style=\"font-family: Liberation Sans, sans-serif;\"><span style=\"font-size: small;\">L\u2019objectiu d\u2019aquesta jornada de treball \u00e9s estimular la formaci\u00f3 i la reflexi\u00f3 dels professionals, posant de manifest la diversitat de punts de vista existents a la nostra societat, descobrint malentesos, apropant punts de vista divergents, per tal de col\u00b7laborar en la construcci\u00f3 d\u2019una moral c\u00edvica amb voluntat universalista.<\/span><\/span><\/span><\/p>\n<p><span style=\"color: #000000;\"><span style=\"font-family: Liberation Sans, sans-serif;\"><span style=\"font-size: small;\">El programa de la jornada es va estructurar al voltant de dos eixos. <\/span><\/span><\/span><\/p>\n<p><span style=\"color: #000000;\"><span style=\"font-family: Liberation Sans, sans-serif;\"><span style=\"font-size: small;\">En primer lloc, es va tractar el paper dels serveis socials en entorns de prostituci\u00f3. Despr\u00e9s de la presentaci\u00f3 de l\u2019informe <a href=\"https:\/\/inclusioaltemporda.cat\/portal\/wp-content\/uploads\/6-ACOMPANYAMENT-SOCIAL-ENTORNS-PROSTITUCIO.pdf\">\u00abL\u2019acompanyament social en entorns de prostituci\u00f3 a l\u2019Alt Empord\u00e0\u00bb<\/a>, que ha elaborat el<a href=\"https:\/\/inclusioaltemporda.cat\/portal\/comite-etica\/\"> Comit\u00e8 d\u2019\u00c8tica de l\u2019\u00c0rea de Benestar<\/a>, es va donar a pas a la presentaci\u00f3 del model d\u2019atenci\u00f3 social a la prostituci\u00f3 a la ciutat de Barcelona. Susana Martin, coordinadora del prgorama de treball sexual de l\u2019\u00c0g\u00e8ncia per l\u2019Abordatge Integral del Treball Sexual (ABITS) i Ver\u00f2nica Gim\u00e9nez, coordinadora de la Unitat Municipal contra el Tr\u00e0fic d\u2019\u00c9ssers Humans (UTEH) de l\u2019Ajuntament de Barcelona, van presentar els serveis dels que formen part i les seves estrat\u00e8gies de coordinaci\u00f3 i treball en xarxa.<\/span><\/span><\/span><\/p>\n<p><span style=\"color: #000000;\"><span style=\"font-family: Liberation Sans, sans-serif;\"><span style=\"font-size: small;\">Posteriorment, Imma Arrufat, educadora social de l\u2019\u00c0rea de Benestar, i Joan Canimas, doctor en Filosofia, van presentar un cas sota el t\u00edtol \u00abEl rol dels serveis socials en els casos d\u2019escolaritzaci\u00f3 a casa\u00bb, i es va generar un debat en quatre grups per obrir l\u00ednies de treball en relaci\u00f3 a aquest tema, que seran desenvolupades i treballades pel comit\u00e8 d\u2019\u00e8tica en posteriors sessions.<\/span><\/span><\/span><\/p>\n<p><span style=\"color: #000000;\"><span style=\"font-family: Liberation Sans, sans-serif;\"><span style=\"font-size: small;\">El Comit\u00e8 d\u2019\u00c8tica de l\u2019\u00c0rea de Benestar, format actualment per 17 professionals de l\u2019\u00c0rea de Benestar, coordinats per Joan Canimas, doctor en Filosofia, t\u00e9 com a finalitat principal reflexionar sobre l\u2019\u00e8tica aplicada en la intervenci\u00f3 social a partir de l\u2019an\u00e0lisi de situacions espec\u00edfiques identificades pels professionals de l\u2019\u00e0mbit de la intervenci\u00f3 social a la comarca. Aquest espai es reuneix peri\u00f2dicament per debatre i avan\u00e7ar en el desenvolupament dels dilemes \u00e8tics identificats amb la voluntat de facilitar la presa de decisions i les intervencions futures. <\/span><\/span><\/span>[\/vc_column_text][\/vc_column][\/vc_row][vc_row][vc_column][vc_masonry_media_grid grid_id=&#8221;vc_gid:1653651893958-5fb45c2d-6186-3&#8243; include=&#8221;8246,8247,8248,8249,8250,8251&#8243;][\/vc_column][\/vc_row]<\/p>\n<\/div>","protected":false},"excerpt":{"rendered":"<p>L\u2019objectiu d\u2019aquesta jornada de treball \u00e9s estimular la formaci\u00f3 i la reflexi\u00f3 dels professionals, posant de manifest la diversitat de punts de vista existents a la nostra societat, descobrint malentesos, apropant punts de vista divergents, per tal de col\u00b7laborar en la construcci\u00f3 d\u2019una moral c\u00edvica amb voluntat universalista.<\/p>\n","protected":false},"author":2,"featured_media":8251,"comment_status":"closed","ping_status":"closed","sticky":false,"template":"","format":"standard","meta":{"footnotes":""},"categories":[106,100,107,1,102],"tags":[],"class_list":["post-8245","post","type-post","status-publish","format-standard","has-post-thumbnail","hentry","category-administracions","category-area-benestar","category-centres-recerca-universitats","category-general","category-professionals-ambit-social","category-106","category-100","category-107","category-1","category-102","description-off"],"_links":{"self":[{"href":"https:\/\/inclusioaltemporda.cat\/portal\/wp-json\/wp\/v2\/posts\/8245","targetHints":{"allow":["GET"]}}],"collection":[{"href":"https:\/\/inclusioaltemporda.cat\/portal\/wp-json\/wp\/v2\/posts"}],"about":[{"href":"https:\/\/inclusioaltemporda.cat\/portal\/wp-json\/wp\/v2\/types\/post"}],"author":[{"embeddable":true,"href":"https:\/\/inclusioaltemporda.cat\/portal\/wp-json\/wp\/v2\/users\/2"}],"replies":[{"embeddable":true,"href":"https:\/\/inclusioaltemporda.cat\/portal\/wp-json\/wp\/v2\/comments?post=8245"}],"version-history":[{"count":2,"href":"https:\/\/inclusioaltemporda.cat\/portal\/wp-json\/wp\/v2\/posts\/8245\/revisions"}],"predecessor-version":[{"id":8253,"href":"https:\/\/inclusioaltemporda.cat\/portal\/wp-json\/wp\/v2\/posts\/8245\/revisions\/8253"}],"wp:featuredmedia":[{"embeddable":true,"href":"https:\/\/inclusioaltemporda.cat\/portal\/wp-json\/wp\/v2\/media\/8251"}],"wp:attachment":[{"href":"https:\/\/inclusioaltemporda.cat\/portal\/wp-json\/wp\/v2\/media?parent=8245"}],"wp:term":[{"taxonomy":"category","embeddable":true,"href":"https:\/\/inclusioaltemporda.cat\/portal\/wp-json\/wp\/v2\/categories?post=8245"},{"taxonomy":"post_tag","embeddable":true,"href":"https:\/\/inclusioaltemporda.cat\/portal\/wp-json\/wp\/v2\/tags?post=8245"}],"curies":[{"name":"wp","href":"https:\/\/api.w.org\/{rel}","templated":true}]}}