{"id":8255,"date":"2022-05-30T14:07:43","date_gmt":"2022-05-30T12:07:43","guid":{"rendered":"https:\/\/inclusioaltemporda.cat\/portal\/?p=8255"},"modified":"2022-06-01T09:45:12","modified_gmt":"2022-06-01T07:45:12","slug":"el-consell-se-suma-al-dia-mundial-per-a-la-presa-de-consciencia-de-labus-i-el-maltractament-envers-les-persones-grans-2","status":"publish","type":"post","link":"https:\/\/inclusioaltemporda.cat\/portal\/el-consell-se-suma-al-dia-mundial-per-a-la-presa-de-consciencia-de-labus-i-el-maltractament-envers-les-persones-grans-2\/","title":{"rendered":"El Consell se suma al Dia mundial per a la presa de consci\u00e8ncia de l\u2019ab\u00fas i el maltractament envers les persones grans"},"content":{"rendered":"<div class=\"wpb-content-wrapper\"><p>[vc_row][vc_column][vc_column_text]<\/p>\n<p align=\"justify\"><span style=\"color: #000000;\"><span style=\"font-family: Tahoma, sans-serif;\"><span style=\"font-size: small;\">El Consell Comarcal de l\u2019Alt Empord\u00e0 se suma al Dia mundial per a la presa de consci\u00e8ncia de l\u2019ab\u00fas i el maltractament envers les persones grans. Aquest dia, declarat per les Nacions Unides i que se celebra cada 15 de juny, vol visibilitzar i reivindicar els drets de les persones grans i la problem\u00e0tica que pateixen, que sovint queda invisibilitzada.<\/span><\/span><\/span><\/p>\n<p align=\"justify\"><span style=\"color: #000000;\"><span style=\"font-family: Tahoma, sans-serif;\"><span style=\"font-size: small;\">Amb aquest objectiu, s\u2019han organitzat diferents caminades obertes a tothom arreu de les comarques gironines, per tal de visibilitzar la import\u00e0ncia dels drets de les persones grans i empoderar-les en la presa de decisions en el seu dia a dia.<\/span><\/span><\/span><\/p>\n<p align=\"justify\"><span style=\"color: #000000;\"><span style=\"font-family: Tahoma, sans-serif;\"><span style=\"font-size: small;\">A l\u2019Alt Empord\u00e0, la Taula Comarcal de Maltractaments, en col\u00b7laboraci\u00f3 amb els ajuntaments i entitats de la comarca, han organitzat caminades a tres municipis diferents:<\/span><\/span><\/span><\/p>\n<p align=\"justify\"><span style=\"color: #000000;\"><span style=\"font-family: Tahoma, sans-serif;\"><span style=\"font-size: small;\">. FIGUERES: 15 de juny, 09:30h. Recorregut circular de 3 km. des del <a href=\"https:\/\/goo.gl\/maps\/KekXmqbouVGHQ2MU9\">Convent dels Caputxins<\/a>.<\/span><\/span><\/span><\/p>\n<p align=\"justify\"><span style=\"color: #000000;\"><span style=\"font-family: Tahoma, sans-serif;\"><span style=\"font-size: small;\">. LLAN\u00c7\u00c0: 15 de juny, 09:30h. Recorregut d\u2019anada i tornada DE 6 km., de <a href=\"https:\/\/goo.gl\/maps\/T3vBAxGxjjWmuyWN9\">La Valleta<\/a> a <a href=\"https:\/\/goo.gl\/maps\/xeuHdFUhfjhsmvcN9\">Sant Silvestre<\/a>.<\/span><\/span><\/span><\/p>\n<p align=\"justify\"><span style=\"color: #000000;\"><span style=\"font-family: Tahoma, sans-serif;\"><span style=\"font-size: small;\">. PERALADA: 15 de juny, 09:30h. Recorregut circular de 5 km. des del <a href=\"https:\/\/g.page\/elcentreperalada?share\">Centre<\/a>.<\/span><\/span><\/span><\/p>\n<p align=\"justify\"><span style=\"color: #000000;\"><span style=\"font-family: Tahoma, sans-serif;\"><span style=\"font-size: small;\">Per participar en aquestes caminades no cal inscripci\u00f3 pr\u00e8via, i es recomana anar vestit amb una samarreta blanca.<\/span><\/span><\/span><\/p>\n<p align=\"justify\"><span style=\"color: #000000;\"><span style=\"font-family: Tahoma, sans-serif;\"><span style=\"font-size: small;\">El mateix dia 15 a les 13:00h, a l\u2019Hospital de Figueres, la Taula Comarcal de Maltractaments celebrar\u00e0 el seu Plenari, on es presentaran les l\u00ednies de treball que les diferents comissions de la Taula han estat desenvolupant durant l\u2019\u00faltim any.<\/span><\/span><\/span><\/p>\n<p align=\"justify\"><span style=\"color: #000000;\"><span style=\"font-family: Tahoma, sans-serif;\"><span style=\"font-size: small;\">D\u2019altra banda, el dia 10 de juny, a les 10:00h, tindr\u00e0 lloc a la Biblioteca Fages de Climent la xerrada \u00abEls drets de les persones no tenen edat\u00bb, a c\u00e0rrec de membres del Consell de la Gent Gran de l\u2019Alt Empord\u00e0. L\u2019entrada \u00e9s lliure i sense inscripci\u00f3 pr\u00e8via.<\/span><\/span><\/span><\/p>\n<p align=\"justify\"><span style=\"color: #000000;\"><span style=\"font-family: Tahoma, sans-serif;\"><span style=\"font-size: small;\">Aquesta activitat s\u2019ha organitzat amb el suport de Dipsalut, el Departament de Drets Socials de la Generalitat de Catalunya, els ajuntaments de Figueres, Llan\u00e7\u00e0 i Peralada, la Fundaci\u00f3 Salut Empord\u00e0, Albera Salut, el Consell Esportiu de l\u2019Empord\u00e0, Diversport i el Casal de l\u2019Avi de La Jonquera.<\/span><\/span><\/span><\/p>\n<p>[\/vc_column_text][\/vc_column][\/vc_row][vc_row][vc_column][vc_single_image image=&#8221;8256&#8243; img_size=&#8221;full&#8221;][\/vc_column][\/vc_row]<\/p>\n<\/div>","protected":false},"excerpt":{"rendered":"<p>A la comarca s\u2019han organitzat diferents actes per tal de visibilitzar la import\u00e0ncia dels drets de les persones grans i empoderar-les en la presa de decisions.<\/p>\n","protected":false},"author":2,"featured_media":8257,"comment_status":"closed","ping_status":"closed","sticky":false,"template":"","format":"standard","meta":{"footnotes":""},"categories":[106,100,101,128,1,12,11],"tags":[],"class_list":["post-8255","post","type-post","status-publish","format-standard","has-post-thumbnail","hentry","category-administracions","category-area-benestar","category-ciutadania","category-envelliment-actiu","category-general","category-pla-dinclusio-2","category-taula-inclusio","category-106","category-100","category-101","category-128","category-1","category-12","category-11","description-off"],"_links":{"self":[{"href":"https:\/\/inclusioaltemporda.cat\/portal\/wp-json\/wp\/v2\/posts\/8255","targetHints":{"allow":["GET"]}}],"collection":[{"href":"https:\/\/inclusioaltemporda.cat\/portal\/wp-json\/wp\/v2\/posts"}],"about":[{"href":"https:\/\/inclusioaltemporda.cat\/portal\/wp-json\/wp\/v2\/types\/post"}],"author":[{"embeddable":true,"href":"https:\/\/inclusioaltemporda.cat\/portal\/wp-json\/wp\/v2\/users\/2"}],"replies":[{"embeddable":true,"href":"https:\/\/inclusioaltemporda.cat\/portal\/wp-json\/wp\/v2\/comments?post=8255"}],"version-history":[{"count":5,"href":"https:\/\/inclusioaltemporda.cat\/portal\/wp-json\/wp\/v2\/posts\/8255\/revisions"}],"predecessor-version":[{"id":8264,"href":"https:\/\/inclusioaltemporda.cat\/portal\/wp-json\/wp\/v2\/posts\/8255\/revisions\/8264"}],"wp:featuredmedia":[{"embeddable":true,"href":"https:\/\/inclusioaltemporda.cat\/portal\/wp-json\/wp\/v2\/media\/8257"}],"wp:attachment":[{"href":"https:\/\/inclusioaltemporda.cat\/portal\/wp-json\/wp\/v2\/media?parent=8255"}],"wp:term":[{"taxonomy":"category","embeddable":true,"href":"https:\/\/inclusioaltemporda.cat\/portal\/wp-json\/wp\/v2\/categories?post=8255"},{"taxonomy":"post_tag","embeddable":true,"href":"https:\/\/inclusioaltemporda.cat\/portal\/wp-json\/wp\/v2\/tags?post=8255"}],"curies":[{"name":"wp","href":"https:\/\/api.w.org\/{rel}","templated":true}]}}