{"id":8296,"date":"2022-06-01T12:17:03","date_gmt":"2022-06-01T10:17:03","guid":{"rendered":"https:\/\/inclusioaltemporda.cat\/portal\/?p=8296"},"modified":"2022-06-01T12:17:03","modified_gmt":"2022-06-01T10:17:03","slug":"mireia-giro-guanya-el-premi-al-millor-cartell-del-dia-mundial-sense-tabac","status":"publish","type":"post","link":"https:\/\/inclusioaltemporda.cat\/portal\/mireia-giro-guanya-el-premi-al-millor-cartell-del-dia-mundial-sense-tabac\/","title":{"rendered":"Mireia Gir\u00f3 guanya el premi al millor cartell del Dia Mundial Sense Tabac"},"content":{"rendered":"<div class=\"wpb-content-wrapper\"><p>[vc_row][vc_column][vc_column_text]Aquest dilluns ha tingut lloc una nova edici\u00f3 del Concurs de Cartells en el marc del Dia Mundial Sense Tabac. La guanyadora del millor cartell ha sigut la Mireia Gir\u00f3 i Juanola, estudiant de 3r d\u2019ESO del Centre Escolar Empord\u00e0 de Roses. El premi consta de 100 euros i de materials pedag\u00f2gics pel centre en el qual est\u00e0 escolaritzada l\u2019alumne, valorats en 300 euros. A m\u00e9s, tamb\u00e9 hi ha hagut dos acc\u00e8ssits, per import de 30 euros cada un, als cartells elaborats per les alumnes S\u00edlvia Grau i Moreno, estudiant de 1r d\u2019ESO de l\u2019INS Vilafant, i per la Laia Campos i Aulet, estudiant de 3r d\u2019ESO de l\u2019INS Castell\u00f3 d\u2019Emp\u00faries.<\/p>\n<p>El concurs, que ja arriba a la seva 21a edici\u00f3, \u00e9s el m\u00e9s antic de Catalunya pel que fa a campanyes antitabac, i compta enguany amb el lema \u201cEl tabac, una amena\u00e7a per al nostre medi ambient\u201d. La consellera de Medi Ambient, Anna Palet, ha presidit l\u2019acte. Palet ha remarcat la import\u00e0ncia de dur a terme activitats com aquesta, i ha destacat que en els dibuixos \u2018\u2019no es parli nom\u00e9s del tabac com a perjudicial per a la salut, sin\u00f3 que tamb\u00e9 cal recordar que ho \u00e9s pel medi ambient\u2019\u2019. La consellera, que ha fet l\u2019entrega de premis, ha recordat que aquest any es compleixen 10 anys del gran incendi de l\u2019Alt Empord\u00e0, i que va ser causat precisament per burilles de tabac. A m\u00e9s, Palet ha recordat que s\u2019organitzaran actes commemoratius per tal de recordar a la poblaci\u00f3 \u2018\u2019el gran dany que pot provocar una burilla\u2019\u2019.<\/p>\n<p>El jurat ha estat composat per en Josep Maria Mora Vardeny, del Servei Educatiu de l\u2019Alt Empord\u00e0, per la Meritxell Pom\u00e9s i Juncosa, del Servei d\u2019Intervenci\u00f3 Socioeducativa del Consell Comarcal de l\u2019Alt Empord\u00e0, i per l\u2019Antoni Duran i Vinyeta i l\u2019Enric Marcos Pel\u00e1ez, del Programa Comarcal de Prevenci\u00f3 de Conductes Addictives.[\/vc_column_text][\/vc_column][\/vc_row]<\/p>\n<\/div>","protected":false},"excerpt":{"rendered":"<p>El concurs, que ja arriba a la seva 21a edici\u00f3, \u00e9s el m\u00e9s antic de Catalunya pel que fa a campanyes antitabac, i compta enguany amb el lema \u201cEl tabac, una amena\u00e7a per al nostre medi ambient\u201d.<\/p>\n","protected":false},"author":2,"featured_media":8297,"comment_status":"closed","ping_status":"closed","sticky":false,"template":"","format":"standard","meta":{"footnotes":""},"categories":[106,100,101,103,1,127],"tags":[],"class_list":["post-8296","post","type-post","status-publish","format-standard","has-post-thumbnail","hentry","category-administracions","category-area-benestar","category-ciutadania","category-estudiants-escoles-instituts","category-general","category-infancia-i-adolescencia","category-106","category-100","category-101","category-103","category-1","category-127","description-off"],"_links":{"self":[{"href":"https:\/\/inclusioaltemporda.cat\/portal\/wp-json\/wp\/v2\/posts\/8296","targetHints":{"allow":["GET"]}}],"collection":[{"href":"https:\/\/inclusioaltemporda.cat\/portal\/wp-json\/wp\/v2\/posts"}],"about":[{"href":"https:\/\/inclusioaltemporda.cat\/portal\/wp-json\/wp\/v2\/types\/post"}],"author":[{"embeddable":true,"href":"https:\/\/inclusioaltemporda.cat\/portal\/wp-json\/wp\/v2\/users\/2"}],"replies":[{"embeddable":true,"href":"https:\/\/inclusioaltemporda.cat\/portal\/wp-json\/wp\/v2\/comments?post=8296"}],"version-history":[{"count":2,"href":"https:\/\/inclusioaltemporda.cat\/portal\/wp-json\/wp\/v2\/posts\/8296\/revisions"}],"predecessor-version":[{"id":8299,"href":"https:\/\/inclusioaltemporda.cat\/portal\/wp-json\/wp\/v2\/posts\/8296\/revisions\/8299"}],"wp:featuredmedia":[{"embeddable":true,"href":"https:\/\/inclusioaltemporda.cat\/portal\/wp-json\/wp\/v2\/media\/8297"}],"wp:attachment":[{"href":"https:\/\/inclusioaltemporda.cat\/portal\/wp-json\/wp\/v2\/media?parent=8296"}],"wp:term":[{"taxonomy":"category","embeddable":true,"href":"https:\/\/inclusioaltemporda.cat\/portal\/wp-json\/wp\/v2\/categories?post=8296"},{"taxonomy":"post_tag","embeddable":true,"href":"https:\/\/inclusioaltemporda.cat\/portal\/wp-json\/wp\/v2\/tags?post=8296"}],"curies":[{"name":"wp","href":"https:\/\/api.w.org\/{rel}","templated":true}]}}