{"id":830,"date":"2012-11-29T15:06:28","date_gmt":"2012-11-29T14:06:28","guid":{"rendered":"https:\/\/inclusioaltemporda.cat\/portal\/?p=830"},"modified":"2016-02-01T09:21:55","modified_gmt":"2016-02-01T08:21:55","slug":"projecte-okupalt-2013","status":"publish","type":"post","link":"https:\/\/inclusioaltemporda.cat\/portal\/projecte-okupalt-2013\/","title":{"rendered":"Projecte Okup&#8217;Alt 2013"},"content":{"rendered":"<p><!--:CA--><\/p>\n<p style=\"text-align: left;\" align=\"left\"><a href=\"https:\/\/inclusioaltemporda.cat\/portal\/wp-content\/uploads\/Cartell-OkupAlt-2013.jpg\"><img loading=\"lazy\" decoding=\"async\" class=\"alignleft  wp-image-831\" title=\"Cartell Okup'Alt 2013\" src=\"https:\/\/inclusioaltemporda.cat\/portal\/wp-content\/uploads\/Cartell-OkupAlt-2013.jpg\" alt=\"\" width=\"228\" height=\"326\" \/><\/a>L&#8217;\u00c0rea de Joventut del Consell Comarcal ha posat en marxa la segona edici\u00f3 del Projecte Okup&#8217;Alt 2013, de formaci\u00f3 professionalitzadora, adre\u00e7at a tots els i les joves de 16 a 19 anys de la comarca de l&#8217;Alt Empord\u00e0 que tinguin inter\u00e8s en aprendre un ofici. El projecte compta amb el suport dels t\u00e8cnics de joventut compartits del nostre territori, que faran el seguiment als joves i\u00a0 amb l&#8217;assessorament de professionals dediferents sectors econ\u00f2mics de la comarca que seran els responsables de la formaci\u00f3 id&#8217;oferir pr\u00e0ctiques en aquests oficis.<!--:--><!--:en--><\/p>\n<p><!--:--><!--:fr--><\/p>\n<p><!--:--><!--:es--><\/p>\n<p><!--:--><!--more--><!--:CA--><\/p>\n<p align=\"left\">La segona edici\u00f3 del projecte Okup&#8217;Al es portar\u00e0 a terme durant els mesos de gener a mar\u00e7 de 2013 far\u00e0 formaci\u00f3 vinculada als sectors seg\u00fcents:<\/p>\n<p align=\"left\">1) Sector agr\u00edcola (treballs forestals i altres tasques en zones afectades pel foc de l&#8217;estiu)<\/p>\n<p align=\"left\">2) Sector de la construcci\u00f3 (pintura, lampisteria i altres pr\u00e0ctiques amb l&#8217;objectiu d&#8217;arranjar equipaments municipals)<\/p>\n<p align=\"left\">3) Sector administratiu (m\u00e0rqueting, comunicaci\u00f3 i gesti\u00f3 administrativa).<\/p>\n<p align=\"left\">Els participants s&#8217;han de comprometre a complir les condicions que proposa el projecte i a canvi rebran formaci\u00f3 professionalitzadora gratu\u00efta, amb el corresponent certificat acreditatiu.<\/p>\n<p>El projecte compta amb la col\u00b7laboraci\u00f3 i suport de la Diputaci\u00f3 de Girona i de la Caixa d&#8217;Estalvis i Pensions de Barcelona.<!--:--><!--:en--><\/p>\n<p><!--:--><!--:fr--><\/p>\n<p><!--:--><!--:es--><\/p>\n<p><!--:--><\/p>\n","protected":false},"excerpt":{"rendered":"<p>L&#8217;\u00c0rea de Joventut del Consell Comarcal ha posat en marxa la segona edici\u00f3 del Projecte Okup&#8217;Alt 2013, de formaci\u00f3 professionalitzadora, adre\u00e7at a tots els i les joves de 16 a&hellip;<\/p>\n","protected":false},"author":3,"featured_media":0,"comment_status":"closed","ping_status":"closed","sticky":false,"template":"","format":"standard","meta":{"footnotes":""},"categories":[1],"tags":[24,16],"class_list":["post-830","post","type-post","status-publish","format-standard","hentry","category-general","tag-inclusio-social","tag-pla-inclusio","category-1","description-off"],"_links":{"self":[{"href":"https:\/\/inclusioaltemporda.cat\/portal\/wp-json\/wp\/v2\/posts\/830","targetHints":{"allow":["GET"]}}],"collection":[{"href":"https:\/\/inclusioaltemporda.cat\/portal\/wp-json\/wp\/v2\/posts"}],"about":[{"href":"https:\/\/inclusioaltemporda.cat\/portal\/wp-json\/wp\/v2\/types\/post"}],"author":[{"embeddable":true,"href":"https:\/\/inclusioaltemporda.cat\/portal\/wp-json\/wp\/v2\/users\/3"}],"replies":[{"embeddable":true,"href":"https:\/\/inclusioaltemporda.cat\/portal\/wp-json\/wp\/v2\/comments?post=830"}],"version-history":[{"count":14,"href":"https:\/\/inclusioaltemporda.cat\/portal\/wp-json\/wp\/v2\/posts\/830\/revisions"}],"predecessor-version":[{"id":3368,"href":"https:\/\/inclusioaltemporda.cat\/portal\/wp-json\/wp\/v2\/posts\/830\/revisions\/3368"}],"wp:attachment":[{"href":"https:\/\/inclusioaltemporda.cat\/portal\/wp-json\/wp\/v2\/media?parent=830"}],"wp:term":[{"taxonomy":"category","embeddable":true,"href":"https:\/\/inclusioaltemporda.cat\/portal\/wp-json\/wp\/v2\/categories?post=830"},{"taxonomy":"post_tag","embeddable":true,"href":"https:\/\/inclusioaltemporda.cat\/portal\/wp-json\/wp\/v2\/tags?post=830"}],"curies":[{"name":"wp","href":"https:\/\/api.w.org\/{rel}","templated":true}]}}