{"id":8301,"date":"2022-06-09T10:39:15","date_gmt":"2022-06-09T08:39:15","guid":{"rendered":"https:\/\/inclusioaltemporda.cat\/portal\/?p=8301"},"modified":"2022-06-09T10:39:54","modified_gmt":"2022-06-09T08:39:54","slug":"en-marxa-la-primera-taula-comarcal-dinfancia-adolescencia-i-families-a-lalt-emporda","status":"publish","type":"post","link":"https:\/\/inclusioaltemporda.cat\/portal\/en-marxa-la-primera-taula-comarcal-dinfancia-adolescencia-i-families-a-lalt-emporda\/","title":{"rendered":"En marxa la primera Taula Comarcal d\u2019Inf\u00e0ncia, Adolesc\u00e8ncia i Fam\u00edlies a l\u2019Alt Empord\u00e0"},"content":{"rendered":"<div class=\"wpb-content-wrapper\"><p>[vc_row][vc_column][vc_column_text]L\u2019\u00c0rea de Benestar del Consell Comarcal de l\u2019Alt Empord\u00e0, juntament amb la Fundaci\u00f3 Salut Empord\u00e0, van impulsar, el passat 3 de juny, la primera jornada de la Taula d\u2019Inf\u00e0ncia, Adolesc\u00e8ncia i Fam\u00edlies (TIAF) a la comarca. Amb aquesta taula de treball es vol crear un espai de coordinaci\u00f3 entre t\u00e8cnics, pol\u00edtics, ciutadania i tots aquells serveis que vulguin ser-ne part\u00edcips. Tot plegat amb l\u2019objectiu d\u2019analitzar, con\u00e8ixer i intervenir millor la situaci\u00f3 de la inf\u00e0ncia i l\u2019adolesc\u00e8ncia de la comarca.<\/p>\n<p>De fet, l\u2019any 2013 es va aprovar un decret llei que ja contempla la creaci\u00f3 de taules de treball d\u2019aquestes caracter\u00edstiques. A dia d\u2019avui, hi ha identificades 44 taules i xarxes que treballen en benefici dels infants i adolescents. Per\u00f2 no va ser fins al maig del 2021 que es va crear el Grup Impulsor de la Taula d\u2019Inf\u00e0ncia i Adolesc\u00e8ncia de l\u2019Alt Empord\u00e0, grup el treball del qual ha donat com a resultat la 1a jornada del passat divendres.<\/p>\n<p>L\u2019acte de presentaci\u00f3 el va obrir la presidenta del Consell Comarcal de l\u2019Alt Empord\u00e0, S\u00f2nia Mart\u00ednez, que va remarcar la import\u00e0ncia \u201cd\u2019identificar i escoltar les necessitats dels infants i adolescents perqu\u00e8 moltes vegades no els entenem\u201d. Mart\u00ednez va afegir que \u201c\u00e9s important crear taules aix\u00ed per poder treure grans conclusions i poder aplicar pol\u00edtiques efectives i \u00fatils per a aquest col\u00b7lectiu\u201d.<\/p>\n<p>El gerent de la Fundaci\u00f3 Salut Empord\u00e0, Mart\u00ed Masferrer, va destacar que, com a entitat co-impulsora de la taula de treball, \u201cestem interessats en posar remei a traves administratives que hi ha que, de fet, ja s\u2019est\u00e0 treballant en aquesta l\u00ednia gr\u00e0cies a les subvencions del PEC\u201d. Masferrer tamb\u00e9 va posar de relleu import\u00e0ncia de la continu\u00eftat assistencial, i va afegir que \u201ccal millorar els recursos personals i generals que es posen a l\u2019abast de les fam\u00edlies amb infants en risc, en temes de promoci\u00f3 de la salut\u201d.<br \/>\nL\u2019acte tamb\u00e9 va comptar amb la directora General d\u2019Atenci\u00f3 a la Inf\u00e0ncia i l\u2019Adolesc\u00e8ncia de la Generalitat, Ester Cabanes, que va fer una lectura del manifest del Consell d\u2019Infants de l\u2019any 2021, i va destacar la import\u00e0ncia de tenir-lo present a l\u2019hora de fer pol\u00edtiques d\u2019inf\u00e0ncia i adolesc\u00e8ncia. L\u2019alcalde de Roses, Joan Plana, va cloure els parlaments donant les gr\u00e0cies per escollir el municipi com a lloc de trobada.<\/p>\n<p>El torn de pon\u00e8ncies el va obrir la arquitecta i urbanista Raquel Congosto, que va fer una intervenci\u00f3 en qu\u00e8 va posar en dubte alguns models urban\u00edstics, al\u00b7legant que no estan adaptats per l\u2019infant. Congosto va posar de manifest la import\u00e0ncia de la relaci\u00f3 entre aquest col\u00b7lectiu i l\u2019arquitectura. L\u2019arquitecta madrilenya va assegurar que \u201cla soluci\u00f3 social passar per repensar la ciutat prenent a l\u2019infant com a refer\u00e8ncia\u201d, amb l\u2019objectiu que \u201cels nens puguin novament sortir sols de casa\u201d.<\/p>\n<p>&nbsp;<\/p>\n<p>Una delegaci\u00f3 del Consell Comarcal d\u2019Osona tamb\u00e9 van ser un dels ponents de la jornada. El conseller comarcal d\u2019Acci\u00f3 Social, Rafa Cuenca, i el coordinador de la TIAF d\u2019Osona, Julio Cirbian, van ser els encarregats d\u2019explicar el model de pol\u00edtiques d\u2019inf\u00e0ncia i adolesc\u00e8ncia que s\u2019apliquen a la comarca osonenca.<br \/>\nJa per tancar les pon\u00e8ncies, l\u2019\u00c0rea de Benestar del Consell Comarcal de l\u2019Alt Empord\u00e0 i la Fundaci\u00f3 Salut Empord\u00e0 van presentar tot el proc\u00e9s de treball de la TIAF a la comarca, el mapa de recursos i els objectius de la TIAF, que passen pels seg\u00fcents punts:<\/p>\n<ul>\n<li>Generar coneixement sobre la inf\u00e0ncia i adolesc\u00e8ncia a la comarca que faciliti el desenvolupament de pol\u00edtiques, programes i accions orientades a millorar les seves condicions de vida, directa o indirectament.<\/li>\n<li>\u00a0Promoure el desplegament de pol\u00edtiques d\u2019inf\u00e0ncia i adolesc\u00e8ncia a la comarca que responguin a les necessitats de promoci\u00f3, prevenci\u00f3, atenci\u00f3, protecci\u00f3 i participaci\u00f3.<\/li>\n<li>Afavorir l\u2019espai d\u2019interrelaci\u00f3 i coneixement mutu entre els diferents agents participants a la TIAF de la comarca.<\/li>\n<li>Promoure un espai de formaci\u00f3 i capacitaci\u00f3 en l\u2019\u00e0mbit pol\u00edtic i t\u00e8cnic en mat\u00e8ria d\u2019inf\u00e0ncia i adolesc\u00e8ncia dels diferents recursos i agents de la comarca.<\/li>\n<\/ul>\n<p>El diagn\u00f2stic de l\u2019estat de la Inf\u00e0ncia i l\u2019Adolesc\u00e8ncia a l\u2019Alt Empord\u00e0 passa per un proc\u00e9s de treball que inclou una fase de disseny, un an\u00e0lisi de dades i identificaci\u00f3 de necessitats, i una proposta d\u2019eixos d\u2019actuaci\u00f3. Uns eixos que s\u2019han plasmat en un pla d\u2019acci\u00f3 per al 2022-2023, que passen per dur a terme els seg\u00fcents passos:<\/p>\n<ul>\n<li>Desenvolupar el proc\u00e9s diagn\u00f2stic. Entre d\u2019altres, es far\u00e0 una macro-enquesta als infants i adolescents de la comarca a partir del curs vinent.<\/li>\n<li>Crear grups de treball per als seg\u00fcents casos espec\u00edfics:\n<ul>\n<li>Embarassos de risc i consum de t\u00f2xics<\/li>\n<li>Conductes addictives i bons usos de pantalles<\/li>\n<li>Protocols i circuits<\/li>\n<\/ul>\n<\/li>\n<li>Creaci\u00f3 de la Comissi\u00f3 d\u2019An\u00e0lisi de Casos Complexos<\/li>\n<li>Formaci\u00f3 espec\u00edfica a partir dels interessos dels participants, com pot ser:\n<ul>\n<li>Com poden participar les fam\u00edlies i els infants en aquest proc\u00e9s<\/li>\n<li>Metodologia del creuament de sabers<\/li>\n<li>Intercanvi d\u2019experi\u00e8ncies amb altres territoris que hagin dut a terme un treball similar.<\/li>\n<\/ul>\n<\/li>\n<li>Creaci\u00f3 d\u2019un espai de treball amb la taula territorial i nacional per abordar les necessitats i propostes de treball del territori.<br \/>\nLa jornada, que es va celebrar al Teatre Municipal de Roses, va estar moderat per la periodista Milagros P\u00e9rez Oliva, que va cloure l\u2019acte.<\/li>\n<\/ul>\n<p>[\/vc_column_text][\/vc_column][\/vc_row]<\/p>\n<\/div>","protected":false},"excerpt":{"rendered":"<p>Amb aquesta taula de treball es vol crear un espai de coordinaci\u00f3 entre t\u00e8cnics, pol\u00edtics, ciutadania i tots aquells serveis que vulguin ser-ne part\u00edcips. Tot plegat amb l\u2019objectiu d\u2019analitzar, con\u00e8ixer i intervenir millor la situaci\u00f3 de la inf\u00e0ncia i l\u2019adolesc\u00e8ncia de la comarca.<\/p>\n","protected":false},"author":2,"featured_media":8302,"comment_status":"closed","ping_status":"closed","sticky":false,"template":"","format":"standard","meta":{"footnotes":""},"categories":[106,100,101,1,127,102],"tags":[],"class_list":["post-8301","post","type-post","status-publish","format-standard","has-post-thumbnail","hentry","category-administracions","category-area-benestar","category-ciutadania","category-general","category-infancia-i-adolescencia","category-professionals-ambit-social","category-106","category-100","category-101","category-1","category-127","category-102","description-off"],"_links":{"self":[{"href":"https:\/\/inclusioaltemporda.cat\/portal\/wp-json\/wp\/v2\/posts\/8301","targetHints":{"allow":["GET"]}}],"collection":[{"href":"https:\/\/inclusioaltemporda.cat\/portal\/wp-json\/wp\/v2\/posts"}],"about":[{"href":"https:\/\/inclusioaltemporda.cat\/portal\/wp-json\/wp\/v2\/types\/post"}],"author":[{"embeddable":true,"href":"https:\/\/inclusioaltemporda.cat\/portal\/wp-json\/wp\/v2\/users\/2"}],"replies":[{"embeddable":true,"href":"https:\/\/inclusioaltemporda.cat\/portal\/wp-json\/wp\/v2\/comments?post=8301"}],"version-history":[{"count":2,"href":"https:\/\/inclusioaltemporda.cat\/portal\/wp-json\/wp\/v2\/posts\/8301\/revisions"}],"predecessor-version":[{"id":8305,"href":"https:\/\/inclusioaltemporda.cat\/portal\/wp-json\/wp\/v2\/posts\/8301\/revisions\/8305"}],"wp:featuredmedia":[{"embeddable":true,"href":"https:\/\/inclusioaltemporda.cat\/portal\/wp-json\/wp\/v2\/media\/8302"}],"wp:attachment":[{"href":"https:\/\/inclusioaltemporda.cat\/portal\/wp-json\/wp\/v2\/media?parent=8301"}],"wp:term":[{"taxonomy":"category","embeddable":true,"href":"https:\/\/inclusioaltemporda.cat\/portal\/wp-json\/wp\/v2\/categories?post=8301"},{"taxonomy":"post_tag","embeddable":true,"href":"https:\/\/inclusioaltemporda.cat\/portal\/wp-json\/wp\/v2\/tags?post=8301"}],"curies":[{"name":"wp","href":"https:\/\/api.w.org\/{rel}","templated":true}]}}