{"id":8307,"date":"2022-06-21T09:38:36","date_gmt":"2022-06-21T07:38:36","guid":{"rendered":"https:\/\/inclusioaltemporda.cat\/portal\/?p=8307"},"modified":"2022-06-21T09:38:36","modified_gmt":"2022-06-21T07:38:36","slug":"en-un-any-la-comissio-de-suport-a-casos-complexos-de-maltractaments-a-la-gent-gran-ha-ates-14-casos-a-lalt-emporda","status":"publish","type":"post","link":"https:\/\/inclusioaltemporda.cat\/portal\/en-un-any-la-comissio-de-suport-a-casos-complexos-de-maltractaments-a-la-gent-gran-ha-ates-14-casos-a-lalt-emporda\/","title":{"rendered":"En un any, la Comissi\u00f3 de Suport a casos complexos de Maltractaments a la Gent Gran ha at\u00e8s 14 casos a l\u2019Alt Empord\u00e0"},"content":{"rendered":"<div class=\"wpb-content-wrapper\"><p>[vc_row][vc_column][vc_column_text]La Comissi\u00f3 de Suport a casos complexos de Maltractaments a la Gent Gran, un dels tres grups de treball en qu\u00e8 s&#8217;ha dividit la Taula Comarcal de Maltractaments a les Persones Grans, ha at\u00e8s 14 casos a l&#8217;Alt Empord\u00e0 durant aquest primer any de constituci\u00f3. El passat 15 de juny, Dia Mundial de la Presa de Consci\u00e8ncia sobre l&#8217;Ab\u00fas i el Maltractament a les Persones Grans, la Taula es va reunir al mat\u00ed a la sala d&#8217;actes de l&#8217;Hospital de Figueres en sessi\u00f3 plen\u00e0ria per fer balan\u00e7 de la feina feta.<\/p>\n<p>La Taula est\u00e0 formada per una trentena d&#8217;agents del territori procedents de diferents \u00e0mbits: social, de salut, educatiu, policial, jur\u00eddic o associatiu, que s&#8217;han agrupat en tres comissions de treball per tal d&#8217;abordar la problem\u00e0tica dels maltractaments a la gent gran des de diferents perspectives. Aix\u00ed, es treballa en la Comissi\u00f3 de Sensibilitzaci\u00f3 i Formaci\u00f3, dedicada a fer una tasca intergeneracional de prevenci\u00f3 a partir del paper clau dels centres educatius, a incidir contra l&#8217;edatisme i a empoderar les persones grans sobre els seus drets. Tamb\u00e9 s&#8217;ha creat la Comissi\u00f3 de Resid\u00e8ncies i Centres de Dia, centrada a reflexionar sobre les mesures preses en aquests centres durant la pand\u00e8mia i a elaborar propostes de millora, sobretot tenint en compte l&#8217;atenci\u00f3 centrada en la persona. I, finalment, hi ha la Comissi\u00f3 de Suport a casos complexos de Maltractaments a la Gent Gran, que assessora i acompanya els professionals que treballen en casos de maltractament a les persones grans i que, per la complexitat de la situaci\u00f3, requereixen d&#8217;una ajuda.<\/p>\n<p>Aquesta comissi\u00f3 est\u00e0 integrada per l&#8217;\u00c0rea de Benestar del Consell Comarcal de l&#8217;Alt Empord\u00e0, la Unitat de Treball Social de la Fundaci\u00f3 Salut Empord\u00e0, el cos dels Mossos d&#8217;Esquadra, l&#8217;Institut Catal\u00e0 de la Salut, la Xarxa de Salut Mental, Serveis Socials de l&#8217;Ajuntament de Figueres, el Servei de Teleassist\u00e8ncia i el Servei d&#8217;Atenci\u00f3 Domicili\u00e0ria.<\/p>\n<p>Qualsevol professional que necessiti de la seva ajuda pot activar aquesta Comissi\u00f3, la qual interv\u00e9 en un m\u00e0xim de 24 hores si es tracta d&#8217;un cas urgent. I \u00e9s en aquest context que, en aquest any de traject\u00f2ria, els seus membres han at\u00e8s 14 casos d&#8217;alta complexitat a l&#8217;Alt Empord\u00e0.<\/p>\n<p>La prevalen\u00e7a de motius s\u00f3n, per aquest ordre, ab\u00fas psicol\u00f2gic, ab\u00fas f\u00edsic, ab\u00fas econ\u00f2mic o tots tres alhora. En 9 dels 14 casos l&#8217;abusador patia problemes de salut mental (trastorns de personalitat o TDA sovint associats a problemes de consum de t\u00f2xics), i en moltes de les situacions l&#8217;ab\u00fas s&#8217;emmarcava en relacions complexes i intrafamiliars. En el balan\u00e7, la Comissi\u00f3 explica que en una tercera part dels casos les v\u00edctimes s\u00f3n matrimonis i, majorit\u00e0riament, el perfil de la v\u00edctima \u00e9s el d&#8217;una dona.<\/p>\n<p>En el balan\u00e7, les membres de la Comissi\u00f3 van posar l&#8217;accent en el fet que cal emmarcar el maltractament i disposar d&#8217;eines que ajudin a graduar-lo, ja que a Catalunya aix\u00f2 no est\u00e0 definit i, a l&#8217;hora de gestionar els casos, \u00e9s una dificultat afegida. Tamb\u00e9 van posar sobre la taula la tend\u00e8ncia a judicialitzar aquestes situacions i a infantilitzar les v\u00edctimes.<\/p>\n<p>De moment, aquest suport a la complexitat nom\u00e9s s&#8217;ofereix en els professionals de l&#8217;Alt Empord\u00e0 que ho sol\u00b7licitin, per\u00f2 ja s&#8217;est\u00e0 treballant per poder-lo fer extensiu a tota la ciutadania.[\/vc_column_text][\/vc_column][\/vc_row]<\/p>\n<\/div>","protected":false},"excerpt":{"rendered":"<p>\u200b\u200b\u200b\u200b\u200b\u00c9s una de les tres comissions en qu\u00e8 s&#8217;ha dividit la Taula Comarcal de Maltractaments a les Persones Grans, formada per una trentena d&#8217;agents del territori. El 15 de juny, la Taula es va reunir en sessi\u00f3 plen\u00e0ria per fer balan\u00e7 d&#8217;aquest primer any de constituci\u00f3<\/p>\n","protected":false},"author":2,"featured_media":8308,"comment_status":"closed","ping_status":"closed","sticky":false,"template":"","format":"standard","meta":{"footnotes":""},"categories":[106,100,101,104,128,1,12,102,11],"tags":[],"class_list":["post-8307","post","type-post","status-publish","format-standard","has-post-thumbnail","hentry","category-administracions","category-area-benestar","category-ciutadania","category-entitats-socials","category-envelliment-actiu","category-general","category-pla-dinclusio-2","category-professionals-ambit-social","category-taula-inclusio","category-106","category-100","category-101","category-104","category-128","category-1","category-12","category-102","category-11","description-off"],"_links":{"self":[{"href":"https:\/\/inclusioaltemporda.cat\/portal\/wp-json\/wp\/v2\/posts\/8307","targetHints":{"allow":["GET"]}}],"collection":[{"href":"https:\/\/inclusioaltemporda.cat\/portal\/wp-json\/wp\/v2\/posts"}],"about":[{"href":"https:\/\/inclusioaltemporda.cat\/portal\/wp-json\/wp\/v2\/types\/post"}],"author":[{"embeddable":true,"href":"https:\/\/inclusioaltemporda.cat\/portal\/wp-json\/wp\/v2\/users\/2"}],"replies":[{"embeddable":true,"href":"https:\/\/inclusioaltemporda.cat\/portal\/wp-json\/wp\/v2\/comments?post=8307"}],"version-history":[{"count":1,"href":"https:\/\/inclusioaltemporda.cat\/portal\/wp-json\/wp\/v2\/posts\/8307\/revisions"}],"predecessor-version":[{"id":8309,"href":"https:\/\/inclusioaltemporda.cat\/portal\/wp-json\/wp\/v2\/posts\/8307\/revisions\/8309"}],"wp:featuredmedia":[{"embeddable":true,"href":"https:\/\/inclusioaltemporda.cat\/portal\/wp-json\/wp\/v2\/media\/8308"}],"wp:attachment":[{"href":"https:\/\/inclusioaltemporda.cat\/portal\/wp-json\/wp\/v2\/media?parent=8307"}],"wp:term":[{"taxonomy":"category","embeddable":true,"href":"https:\/\/inclusioaltemporda.cat\/portal\/wp-json\/wp\/v2\/categories?post=8307"},{"taxonomy":"post_tag","embeddable":true,"href":"https:\/\/inclusioaltemporda.cat\/portal\/wp-json\/wp\/v2\/tags?post=8307"}],"curies":[{"name":"wp","href":"https:\/\/api.w.org\/{rel}","templated":true}]}}