{"id":8314,"date":"2022-08-01T09:00:43","date_gmt":"2022-08-01T07:00:43","guid":{"rendered":"https:\/\/inclusioaltemporda.cat\/portal\/?p=8314"},"modified":"2022-08-01T09:03:24","modified_gmt":"2022-08-01T07:03:24","slug":"el-ple-del-consell-comarcal-aprova-el-contracte-programa-2022-2025-que-regula-la-collaboracio-amb-la-generalitat-per-dur-a-terme-politiques-de-drets-socials-i-de-joventut","status":"publish","type":"post","link":"https:\/\/inclusioaltemporda.cat\/portal\/el-ple-del-consell-comarcal-aprova-el-contracte-programa-2022-2025-que-regula-la-collaboracio-amb-la-generalitat-per-dur-a-terme-politiques-de-drets-socials-i-de-joventut\/","title":{"rendered":"El ple del Consell Comarcal aprova el Contracte Programa 2022-2025"},"content":{"rendered":"<div class=\"wpb-content-wrapper\"><p>[vc_row][vc_column][vc_column_text]El passat dimarts, en el ple ordinari del mes de juliol, es va aprovar per unanimitat el Contracte Programa 2022-2025. Aquest contracte regula les subvencions de la Generalitat per la coordinaci\u00f3, la cooperaci\u00f3 i la col\u00b7laboraci\u00f3 entre el Departament de Drets Socials i el Consell Comarcal en mat\u00e8ria de serveis socials, joventut, i altres programes relatius al benestar social.<\/p>\n<p>Serveis Socials<\/p>\n<p>En serveis socials, alguns dels projectes que es finan\u00e7aran son els seg\u00fcents:<\/p>\n<p>\u2022 Equips B\u00e0sics d\u2019Atenci\u00f3 Social (EBAS)<\/p>\n<p>\u2022 Ajuts d\u2019Urg\u00e8ncia Social (AUS)<\/p>\n<p>\u2022 Serveis d\u2019Intervenci\u00f3 Socioeducativa (SIS) no residencial per a infants i adolescents en situaci\u00f3 de risc i les seves fam\u00edlies<\/p>\n<p>\u2022 Servei de Transport Adaptat<\/p>\n<p>\u2022 Serveis Especialitzats d\u2019Atenci\u00f3 a la Inf\u00e0ncia i Adolesc\u00e8ncia<\/p>\n<p>\u2022 Pol\u00edtiques d\u2019accessibilitat<\/p>\n<p>\u2022 Serveis d\u2019Orientaci\u00f3 i Acompanyament a les Fam\u00edlies (SOAF)<\/p>\n<p>\u2022 Envelliment Quil\u00f2metre Zero (EQZ)<\/p>\n<p>\u2022 Atenci\u00f3 a les persones sense llar<\/p>\n<p>\u2022 Prevenci\u00f3 de conductes de risc<\/p>\n<p>\u2022 Servei d\u2019Atenci\u00f3 Domicili\u00e0ria social i de depend\u00e8ncia<\/p>\n<p>\u2022 Tecnologies de suport i cura<\/p>\n<p>\u2022 Suport a familiars i altres cuidadors no professionals<\/p>\n<p>\u2022 Banc de productes de suport<\/p>\n<p>\u2022 Referent de depend\u00e8ncia i promoci\u00f3 de l\u2019autonomia personal<\/p>\n<p>\u2022 Plans, programes i projectes d\u2019acci\u00f3 comunit\u00e0ria<\/p>\n<p>El Contracte Programa preveu destinar a Serveis Socials un total de 13.555.247,50\u20ac fins l\u2019any 2025.<\/p>\n<p>Joventut<\/p>\n<p>Pel que fa a les pol\u00edtiques de joventut, l\u2019acord preveu finan\u00e7ar els seg\u00fcents punts:<\/p>\n<p>\u2022 Servei Comarcal de Joventut<\/p>\n<p>\u2022 Oficines Joves per a l\u2019emancipaci\u00f3 juvenil<\/p>\n<p>\u2022 Desplegament de pol\u00edtiques locals de joventut<\/p>\n<p>\u2022 Jovent en situaci\u00f3 de vulnerabilitat<\/p>\n<p>En total, el Contracte Programa hi preveu destinar 1.372.492,76\u20ac fins l\u2019any 2025.[\/vc_column_text][\/vc_column][\/vc_row]<\/p>\n<\/div>","protected":false},"excerpt":{"rendered":"<p>El Contracte programa, que regula la col\u00b7laboraci\u00f3 amb la Generalitat per dur a terme pol\u00edtiques de Drets Socials i de Joventut, preveu destinar 1.372.492,76\u20ac a l&#8217;Alt Empord\u00e0 fins l\u2019any 2025.<\/p>\n","protected":false},"author":2,"featured_media":7506,"comment_status":"closed","ping_status":"closed","sticky":false,"template":"","format":"standard","meta":{"footnotes":""},"categories":[106,100,101,1,12,102],"tags":[],"class_list":["post-8314","post","type-post","status-publish","format-standard","has-post-thumbnail","hentry","category-administracions","category-area-benestar","category-ciutadania","category-general","category-pla-dinclusio-2","category-professionals-ambit-social","category-106","category-100","category-101","category-1","category-12","category-102","description-off"],"_links":{"self":[{"href":"https:\/\/inclusioaltemporda.cat\/portal\/wp-json\/wp\/v2\/posts\/8314","targetHints":{"allow":["GET"]}}],"collection":[{"href":"https:\/\/inclusioaltemporda.cat\/portal\/wp-json\/wp\/v2\/posts"}],"about":[{"href":"https:\/\/inclusioaltemporda.cat\/portal\/wp-json\/wp\/v2\/types\/post"}],"author":[{"embeddable":true,"href":"https:\/\/inclusioaltemporda.cat\/portal\/wp-json\/wp\/v2\/users\/2"}],"replies":[{"embeddable":true,"href":"https:\/\/inclusioaltemporda.cat\/portal\/wp-json\/wp\/v2\/comments?post=8314"}],"version-history":[{"count":4,"href":"https:\/\/inclusioaltemporda.cat\/portal\/wp-json\/wp\/v2\/posts\/8314\/revisions"}],"predecessor-version":[{"id":8319,"href":"https:\/\/inclusioaltemporda.cat\/portal\/wp-json\/wp\/v2\/posts\/8314\/revisions\/8319"}],"wp:featuredmedia":[{"embeddable":true,"href":"https:\/\/inclusioaltemporda.cat\/portal\/wp-json\/wp\/v2\/media\/7506"}],"wp:attachment":[{"href":"https:\/\/inclusioaltemporda.cat\/portal\/wp-json\/wp\/v2\/media?parent=8314"}],"wp:term":[{"taxonomy":"category","embeddable":true,"href":"https:\/\/inclusioaltemporda.cat\/portal\/wp-json\/wp\/v2\/categories?post=8314"},{"taxonomy":"post_tag","embeddable":true,"href":"https:\/\/inclusioaltemporda.cat\/portal\/wp-json\/wp\/v2\/tags?post=8314"}],"curies":[{"name":"wp","href":"https:\/\/api.w.org\/{rel}","templated":true}]}}