{"id":8320,"date":"2022-08-03T12:34:41","date_gmt":"2022-08-03T10:34:41","guid":{"rendered":"https:\/\/inclusioaltemporda.cat\/portal\/?p=8320"},"modified":"2022-08-03T12:36:23","modified_gmt":"2022-08-03T10:36:23","slug":"el-consell-de-la-gent-gran-celebra-un-any-de-vida-fomentant-la-participacio-de-les-persones-grans","status":"publish","type":"post","link":"https:\/\/inclusioaltemporda.cat\/portal\/el-consell-de-la-gent-gran-celebra-un-any-de-vida-fomentant-la-participacio-de-les-persones-grans\/","title":{"rendered":"El Consell de la Gent Gran celebra un any de vida fomentant la participaci\u00f3 de les persones grans"},"content":{"rendered":"<div class=\"wpb-content-wrapper\"><p>[vc_row][vc_column][vc_column_text]El Consell de la Gent Gran de l\u2019Alt Empord\u00e0 \u00e9s el resultat del renaixement del Consell Consultiu de la Gent Gran, que durant anys ha estat extint. Ara, se celebra un any d\u2019aquest canvi, que t\u00e9 per objectiu recuperar un espai de participaci\u00f3 de les persones grans que respongu\u00e9s a les seves necessitats. Aquesta entitat est\u00e0 formada per representants de diferents casals i associacions de gent gran de la comarca, tot i que recentment s\u2019han reformat els estatuts per qu\u00e8 hi puguin participar persones a t\u00edtol individual.<\/p>\n<p>De fet, aquest 15 de juliol es va celebrar a Figueres l\u2019Assemblea General del Consell de la Gent Gran, amb motiu d\u2019aquest primer aniversari. Aqu\u00ed s\u2019hi va presentar el balan\u00e7 anual d\u2019activitats, com per exemple accions de sensibilitzaci\u00f3 sobre la prevenci\u00f3 del maltractament a les persones grans i la den\u00fancia de l\u2019edatisme. Tamb\u00e9 s\u2019han dut a terme xerrades de presentaci\u00f3 del Consell de la Gent Gran en diferents municipis de la comarca. Aquestes estaven adre\u00e7ades sobretot als casals, a persones grans interessades en participar a aquest \u00f2rgan, i als Ajuntaments del Far d\u2019Empord\u00e0, l\u2019Escala, Sant Climent Sescebes, la Jonquera i Sant Pere Pescador.<\/p>\n<p>Ara per ara, les principals q\u00fcestions en qu\u00e8 treballa el Consell de la Gent Gran s\u00f3n en les conseq\u00fc\u00e8ncies derivades de la COVID-19 en l\u2019augment de l\u2019escletxa digital de les persones grans, sobretot a l\u2019hora de fer tr\u00e0mits, sigui en entitats banc\u00e0ries o en administracions p\u00fabliques. Aquest fet ha fet augmentar el sentiment de soledat en les persones grans i el seu a\u00efllament. Des del Consell de la Gent Gran s\u2019han dut a terme accions per reivindicar aquestes necessitats i que insten a aquestes entitats a garantir el bon tracte i l\u2019acc\u00e9s de les persones grans cap als tr\u00e0mits digitals.<\/p>\n<p>En el marc de la participaci\u00f3 en el Consell de la Gent Gran de Catalunya: La principal q\u00fcesti\u00f3 treballada ha estat les conseq\u00fc\u00e8ncies de la COVID-19 en l\u2019augment de l\u2019escletxa digital de les persones grans i com ha afectat els serveis bancaris i el tancament de l\u2019administraci\u00f3 p\u00fablica. El creixement de l\u2019escletxa digital ha impactat en un augment de la soledat de les persones grans i del seu a\u00efllament. S\u2019ha dut a terme accions adre\u00e7ades a les entitats banc\u00e0ries i a l\u2019administraci\u00f3 local (a trav\u00e9s de la Diputaci\u00f3 de Girona) per tal que garanteixin el bon tracte i l\u2019acc\u00e9s de les persones grans cap als tr\u00e0mits digitals.<\/p>\n<p>L\u2019Assemblea General del Consell de la Gent Gran tamb\u00e9 va acordar reorganitzar les comissions de treball, que a partir d\u2019ara seran les seg\u00fcents:<br \/>\n\u2022 Mobilitat i accessibilitat<br \/>\n\u2022 Salut i drets de final de vida<br \/>\n\u2022 Relacions amb l\u2019administraci\u00f3<br \/>\n\u2022 Casals i activitats culturals i de lleure<\/p>\n<p>En les comissions de treball, que s\u00f3n espais de treball dels associats, puntualment tamb\u00e9 poden participar persones expertes en l\u2019\u00e0mbit espec\u00edfic de qu\u00e8 es parli.[\/vc_column_text][\/vc_column][\/vc_row]<\/p>\n<\/div>","protected":false},"excerpt":{"rendered":"<p>Aquest 15 de juliol es va celebrar a Figueres l\u2019Assemblea General del Consell de la Gent Gran que va servir per fer balan\u00e7 del darrer any i escollir la nova Comissi\u00f3 Permanent de l&#8217;organisme de participaci\u00f3 de les persones grans de la comarca<\/p>\n","protected":false},"author":2,"featured_media":8321,"comment_status":"closed","ping_status":"closed","sticky":false,"template":"","format":"standard","meta":{"footnotes":""},"categories":[106,100,101,128,1,108],"tags":[],"class_list":["post-8320","post","type-post","status-publish","format-standard","has-post-thumbnail","hentry","category-administracions","category-area-benestar","category-ciutadania","category-envelliment-actiu","category-general","category-mitjans-comunicacio","category-106","category-100","category-101","category-128","category-1","category-108","description-off"],"_links":{"self":[{"href":"https:\/\/inclusioaltemporda.cat\/portal\/wp-json\/wp\/v2\/posts\/8320","targetHints":{"allow":["GET"]}}],"collection":[{"href":"https:\/\/inclusioaltemporda.cat\/portal\/wp-json\/wp\/v2\/posts"}],"about":[{"href":"https:\/\/inclusioaltemporda.cat\/portal\/wp-json\/wp\/v2\/types\/post"}],"author":[{"embeddable":true,"href":"https:\/\/inclusioaltemporda.cat\/portal\/wp-json\/wp\/v2\/users\/2"}],"replies":[{"embeddable":true,"href":"https:\/\/inclusioaltemporda.cat\/portal\/wp-json\/wp\/v2\/comments?post=8320"}],"version-history":[{"count":3,"href":"https:\/\/inclusioaltemporda.cat\/portal\/wp-json\/wp\/v2\/posts\/8320\/revisions"}],"predecessor-version":[{"id":8324,"href":"https:\/\/inclusioaltemporda.cat\/portal\/wp-json\/wp\/v2\/posts\/8320\/revisions\/8324"}],"wp:featuredmedia":[{"embeddable":true,"href":"https:\/\/inclusioaltemporda.cat\/portal\/wp-json\/wp\/v2\/media\/8321"}],"wp:attachment":[{"href":"https:\/\/inclusioaltemporda.cat\/portal\/wp-json\/wp\/v2\/media?parent=8320"}],"wp:term":[{"taxonomy":"category","embeddable":true,"href":"https:\/\/inclusioaltemporda.cat\/portal\/wp-json\/wp\/v2\/categories?post=8320"},{"taxonomy":"post_tag","embeddable":true,"href":"https:\/\/inclusioaltemporda.cat\/portal\/wp-json\/wp\/v2\/tags?post=8320"}],"curies":[{"name":"wp","href":"https:\/\/api.w.org\/{rel}","templated":true}]}}