{"id":8326,"date":"2022-08-09T08:29:36","date_gmt":"2022-08-09T06:29:36","guid":{"rendered":"https:\/\/inclusioaltemporda.cat\/portal\/?p=8326"},"modified":"2022-08-09T08:30:24","modified_gmt":"2022-08-09T06:30:24","slug":"el-consell-comarcal-aprova-el-nou-pla-lgbti","status":"publish","type":"post","link":"https:\/\/inclusioaltemporda.cat\/portal\/el-consell-comarcal-aprova-el-nou-pla-lgbti\/","title":{"rendered":"El Consell Comarcal aprova el nou pla LGBTI+"},"content":{"rendered":"<div class=\"wpb-content-wrapper\"><p>[vc_row][vc_column][vc_column_text]El Consell Comarcal de l\u2019Alt Empord\u00e0 ha aprovat definitivament el nou pla LGBTI+. T\u00e9 com a objectiu estrat\u00e8gic establir un marc general d\u2019actuaci\u00f3 i orientaci\u00f3 per desenvolupar pol\u00edtiques LGBTI+ a la comarca. El pla, que pret\u00e9n que estigui vigent fins a l\u2019any 2025, est\u00e0 pensat tamb\u00e9 perqu\u00e8 els ajuntaments de la comarca s\u2019hi puguin adherir. Els tres eixos estrat\u00e8gics de treball en el qual s\u2019emmarca s\u00f3n:<\/p>\n<p>\u2022 Incorporar la perspectiva LGBTIQ+ en les diferents \u00e0rees del Consell Comarcal de l\u2019Alt Empord\u00e0 i dels municipis que s\u2019adhereixin al pla.<br \/>\n\u2022 Combatre la discriminaci\u00f3 per ra\u00f3 d\u2019orientaci\u00f3 sexual i identitat de g\u00e8nere.<br \/>\n\u2022 Fomentar la visibilitat del col\u00b7lectiu LGBTIQ+.<\/p>\n<p>La redacci\u00f3 del pla es va posar en marxa per la Comissi\u00f3 SAI Alt Empord\u00e0, un espai col\u00b7laboratiu gestionat per l\u2019Equip d\u2019Inclusi\u00f3 i Atenci\u00f3 a la Comunitat de l\u2019\u00c0rea de Benestar del Consell Comarcal. Aquesta comissi\u00f3 pret\u00e9n incidir en la reflexi\u00f3 sobre l\u2019acompanyament institucional a les persones LGBTI+, repensant la mirada, els models d\u2019intervenci\u00f3, les creences i estereotips en espais que poden esdevenir hostils.<\/p>\n<p>Per dur a terme les 37 accions que contempla aquest Pla LGBTI+ \u00e9s important que els agents p\u00fablics (municipis i diferents serveis), el tercer sector i els agents privats treballin en xarxa, de manera coordinada, i fent efectius i operatius espais de treball creats amb aquesta finalitat.<\/p>\n<p>El nou pla, que fins ara estava en exposici\u00f3 p\u00fablica, ha passat a ser definitiu aquest mes de juliol al no haver-se presentat cap esmena. El poden consultar a l\u2019apartat \u201cPlans Institucionals\u201d a la web del Consell Comarcal de l\u2019Alt Empord\u00e0.[\/vc_column_text][\/vc_column][\/vc_row]<\/p>\n<\/div>","protected":false},"excerpt":{"rendered":"<p>El Pla, que estar\u00e0 vigent fins l&#8217;any 2025, t\u00e9 com a objectiu estrat\u00e8gic establir un marc general d\u2019actuaci\u00f3 i orientaci\u00f3 per desenvolupar pol\u00edtiques LGBTI+ a la comarca.<\/p>\n","protected":false},"author":2,"featured_media":8327,"comment_status":"closed","ping_status":"closed","sticky":false,"template":"","format":"standard","meta":{"footnotes":""},"categories":[106,100,101,104,103,1,108,12],"tags":[],"class_list":["post-8326","post","type-post","status-publish","format-standard","has-post-thumbnail","hentry","category-administracions","category-area-benestar","category-ciutadania","category-entitats-socials","category-estudiants-escoles-instituts","category-general","category-mitjans-comunicacio","category-pla-dinclusio-2","category-106","category-100","category-101","category-104","category-103","category-1","category-108","category-12","description-off"],"_links":{"self":[{"href":"https:\/\/inclusioaltemporda.cat\/portal\/wp-json\/wp\/v2\/posts\/8326","targetHints":{"allow":["GET"]}}],"collection":[{"href":"https:\/\/inclusioaltemporda.cat\/portal\/wp-json\/wp\/v2\/posts"}],"about":[{"href":"https:\/\/inclusioaltemporda.cat\/portal\/wp-json\/wp\/v2\/types\/post"}],"author":[{"embeddable":true,"href":"https:\/\/inclusioaltemporda.cat\/portal\/wp-json\/wp\/v2\/users\/2"}],"replies":[{"embeddable":true,"href":"https:\/\/inclusioaltemporda.cat\/portal\/wp-json\/wp\/v2\/comments?post=8326"}],"version-history":[{"count":3,"href":"https:\/\/inclusioaltemporda.cat\/portal\/wp-json\/wp\/v2\/posts\/8326\/revisions"}],"predecessor-version":[{"id":8330,"href":"https:\/\/inclusioaltemporda.cat\/portal\/wp-json\/wp\/v2\/posts\/8326\/revisions\/8330"}],"wp:featuredmedia":[{"embeddable":true,"href":"https:\/\/inclusioaltemporda.cat\/portal\/wp-json\/wp\/v2\/media\/8327"}],"wp:attachment":[{"href":"https:\/\/inclusioaltemporda.cat\/portal\/wp-json\/wp\/v2\/media?parent=8326"}],"wp:term":[{"taxonomy":"category","embeddable":true,"href":"https:\/\/inclusioaltemporda.cat\/portal\/wp-json\/wp\/v2\/categories?post=8326"},{"taxonomy":"post_tag","embeddable":true,"href":"https:\/\/inclusioaltemporda.cat\/portal\/wp-json\/wp\/v2\/tags?post=8326"}],"curies":[{"name":"wp","href":"https:\/\/api.w.org\/{rel}","templated":true}]}}