{"id":8334,"date":"2022-08-24T10:48:57","date_gmt":"2022-08-24T08:48:57","guid":{"rendered":"https:\/\/inclusioaltemporda.cat\/portal\/?p=8334"},"modified":"2022-08-24T10:50:32","modified_gmt":"2022-08-24T08:50:32","slug":"el-punt-avui-es-fa-resso-de-la-millora-de-deteccio-de-casos-de-maltractament-a-persones-grans-a-lalt-emporda","status":"publish","type":"post","link":"https:\/\/inclusioaltemporda.cat\/portal\/el-punt-avui-es-fa-resso-de-la-millora-de-deteccio-de-casos-de-maltractament-a-persones-grans-a-lalt-emporda\/","title":{"rendered":"El Punt Avui es fa ress\u00f2 de la millora de detecci\u00f3 de casos de maltractament a persones grans a l&#8217;Alt Empord\u00e0"},"content":{"rendered":"<div class=\"wpb-content-wrapper\"><p>[vc_row][vc_column][vc_column_text]El diari El Punt Avui ha publicat, en l&#8217;edici\u00f3 del 22 d&#8217;agost, un reportatge on plasma la millora de la detecci\u00f3 de casos de maltractament a persones grans a l&#8217;Alt Empord\u00e0. Aquest \u00e8xit \u00e9s resultat de la gran feina duta a terme per la Taula Comarcal de Maltractaments a les Persones Grans, en la que s&#8217;hi troba la Fundaci\u00f3 Salut Empord\u00e0 i l&#8217;Equip d&#8217;Atenci\u00f3 a Fam\u00edlies i Envelliment Saludable del Consell Comarcal de l&#8217;Alt Empord\u00e0, entre d&#8217;altres.<\/p>\n<p>Podeu llegir la not\u00edcia <a href=\"https:\/\/www.elpuntavui.cat\/societat\/article\/14-salut\/2181904-millora-la-deteccio-de-casos-de-maltractament-a-persones-grans.html\">aqu\u00ed<\/a>.[\/vc_column_text][\/vc_column][\/vc_row]<\/p>\n<\/div>","protected":false},"excerpt":{"rendered":"<p>Aquest \u00e8xit \u00e9s resultat de la gran feina duta a terme per la Taula Comarcal de Maltractaments a les Persones Grans, en la que s&#8217;hi troba la Fundaci\u00f3 Salut Empord\u00e0 i l&#8217;Equip d&#8217;Atenci\u00f3 a Fam\u00edlies i Envelliment Saludable del Consell Comarcal de l&#8217;Alt Empord\u00e0, entre d&#8217;altres.<\/p>\n","protected":false},"author":2,"featured_media":8335,"comment_status":"closed","ping_status":"closed","sticky":false,"template":"","format":"standard","meta":{"footnotes":""},"categories":[106,100,101,128,1,108,102],"tags":[],"class_list":["post-8334","post","type-post","status-publish","format-standard","has-post-thumbnail","hentry","category-administracions","category-area-benestar","category-ciutadania","category-envelliment-actiu","category-general","category-mitjans-comunicacio","category-professionals-ambit-social","category-106","category-100","category-101","category-128","category-1","category-108","category-102","description-off"],"_links":{"self":[{"href":"https:\/\/inclusioaltemporda.cat\/portal\/wp-json\/wp\/v2\/posts\/8334","targetHints":{"allow":["GET"]}}],"collection":[{"href":"https:\/\/inclusioaltemporda.cat\/portal\/wp-json\/wp\/v2\/posts"}],"about":[{"href":"https:\/\/inclusioaltemporda.cat\/portal\/wp-json\/wp\/v2\/types\/post"}],"author":[{"embeddable":true,"href":"https:\/\/inclusioaltemporda.cat\/portal\/wp-json\/wp\/v2\/users\/2"}],"replies":[{"embeddable":true,"href":"https:\/\/inclusioaltemporda.cat\/portal\/wp-json\/wp\/v2\/comments?post=8334"}],"version-history":[{"count":2,"href":"https:\/\/inclusioaltemporda.cat\/portal\/wp-json\/wp\/v2\/posts\/8334\/revisions"}],"predecessor-version":[{"id":8337,"href":"https:\/\/inclusioaltemporda.cat\/portal\/wp-json\/wp\/v2\/posts\/8334\/revisions\/8337"}],"wp:featuredmedia":[{"embeddable":true,"href":"https:\/\/inclusioaltemporda.cat\/portal\/wp-json\/wp\/v2\/media\/8335"}],"wp:attachment":[{"href":"https:\/\/inclusioaltemporda.cat\/portal\/wp-json\/wp\/v2\/media?parent=8334"}],"wp:term":[{"taxonomy":"category","embeddable":true,"href":"https:\/\/inclusioaltemporda.cat\/portal\/wp-json\/wp\/v2\/categories?post=8334"},{"taxonomy":"post_tag","embeddable":true,"href":"https:\/\/inclusioaltemporda.cat\/portal\/wp-json\/wp\/v2\/tags?post=8334"}],"curies":[{"name":"wp","href":"https:\/\/api.w.org\/{rel}","templated":true}]}}