{"id":8348,"date":"2022-09-30T10:49:27","date_gmt":"2022-09-30T08:49:27","guid":{"rendered":"https:\/\/inclusioaltemporda.cat\/portal\/?p=8348"},"modified":"2022-09-30T10:49:27","modified_gmt":"2022-09-30T08:49:27","slug":"se-celebren-les-primeres-jornades-lgbtiq-de-lalt-emporda","status":"publish","type":"post","link":"https:\/\/inclusioaltemporda.cat\/portal\/se-celebren-les-primeres-jornades-lgbtiq-de-lalt-emporda\/","title":{"rendered":"Se celebren les Primeres Jornades LGBTIQ+ de l&#8217;Alt Empord\u00e0"},"content":{"rendered":"<div class=\"wpb-content-wrapper\"><p>[vc_row][vc_column][vc_column_text]El proper 15 d\u2019octubre se celebraran a la Pla\u00e7a 11 de setembre de Vilaju\u00efga les Primeres Jornades LGBTIQ+ de l\u2019Alt Empord\u00e0, organitzades pel Servei d\u2019Atenci\u00f3 Integral LGBTIQ+ del Consell Comarcal, amb el suport de l\u2019Associaci\u00f3 LGBTI+ de l\u2019Alt Empord\u00e0.<\/p>\n<p>Es tracta d\u2019una jornada d\u2019activitats l\u00fadiques i cr\u00edtico-festives que tenen l\u2019objectiu de visibilitzar el col\u00b7lectiu LGBTIQ+ i que estaran dinamitzades per l\u2019Associaci\u00f3 Lo Relacional.<\/p>\n<p>Per participar a les activitats, que s\u00f3n gratu\u00eftes i obertes a tothom, cal inscripci\u00f3 pr\u00e8via a trav\u00e9s d\u2019aquest enlla\u00e7: <a href=\"https:\/\/forms.gle\/Xufutr36QjAH1rB29\">https:\/\/forms.gle\/Xufutr36QjAH1rB29<\/a><\/p>\n<p>El programa d\u2019activitats \u00e9s el seg\u00fcent:<\/p>\n<p>11:00 &#8211; 11:15. Benvinguda<\/p>\n<p>11:15 &#8211; 12:15. Colorete Colorado. Contacontes travesti intergeneracional<\/p>\n<p>12:15 &#8211; 12:30. Presentaci\u00f3 de l&#8217;Associaci\u00f3 LGTBI+ de l&#8217;Alt Empord\u00e0<\/p>\n<p>12:30 &#8211; 14:30. Quina Visibles LGBTIQ+<\/p>\n<p>14:30 &#8211; 15:30. Dinar popular gratu\u00eft<\/p>\n<p>15:30 &#8211; 17:30. DJ Nicky. M\u00fasica<\/p>\n<p>15:30 &#8211; 17:30. Taller Referents LGBTIQ+. Taller de collage[\/vc_column_text][\/vc_column][\/vc_row]<\/p>\n<\/div>","protected":false},"excerpt":{"rendered":"<p>El proper 15 d\u2019octubre se celebraran a Vilaju\u00efga les Primeres Jornades LGBTIQ+ de l\u2019Alt Empord\u00e0, organitzades pel Servei d\u2019Atenci\u00f3 Integral LGBTIQ+ del Consell Comarcal, amb el suport de l\u2019Associaci\u00f3 LGBTI+ de l\u2019Alt Empord\u00e0.<\/p>\n","protected":false},"author":2,"featured_media":8349,"comment_status":"closed","ping_status":"closed","sticky":false,"template":"","format":"standard","meta":{"footnotes":""},"categories":[33,100,101,104,1,12],"tags":[],"class_list":["post-8348","post","type-post","status-publish","format-standard","has-post-thumbnail","hentry","category-agenda","category-area-benestar","category-ciutadania","category-entitats-socials","category-general","category-pla-dinclusio-2","category-33","category-100","category-101","category-104","category-1","category-12","description-off"],"_links":{"self":[{"href":"https:\/\/inclusioaltemporda.cat\/portal\/wp-json\/wp\/v2\/posts\/8348","targetHints":{"allow":["GET"]}}],"collection":[{"href":"https:\/\/inclusioaltemporda.cat\/portal\/wp-json\/wp\/v2\/posts"}],"about":[{"href":"https:\/\/inclusioaltemporda.cat\/portal\/wp-json\/wp\/v2\/types\/post"}],"author":[{"embeddable":true,"href":"https:\/\/inclusioaltemporda.cat\/portal\/wp-json\/wp\/v2\/users\/2"}],"replies":[{"embeddable":true,"href":"https:\/\/inclusioaltemporda.cat\/portal\/wp-json\/wp\/v2\/comments?post=8348"}],"version-history":[{"count":1,"href":"https:\/\/inclusioaltemporda.cat\/portal\/wp-json\/wp\/v2\/posts\/8348\/revisions"}],"predecessor-version":[{"id":8350,"href":"https:\/\/inclusioaltemporda.cat\/portal\/wp-json\/wp\/v2\/posts\/8348\/revisions\/8350"}],"wp:featuredmedia":[{"embeddable":true,"href":"https:\/\/inclusioaltemporda.cat\/portal\/wp-json\/wp\/v2\/media\/8349"}],"wp:attachment":[{"href":"https:\/\/inclusioaltemporda.cat\/portal\/wp-json\/wp\/v2\/media?parent=8348"}],"wp:term":[{"taxonomy":"category","embeddable":true,"href":"https:\/\/inclusioaltemporda.cat\/portal\/wp-json\/wp\/v2\/categories?post=8348"},{"taxonomy":"post_tag","embeddable":true,"href":"https:\/\/inclusioaltemporda.cat\/portal\/wp-json\/wp\/v2\/tags?post=8348"}],"curies":[{"name":"wp","href":"https:\/\/api.w.org\/{rel}","templated":true}]}}