{"id":8353,"date":"2022-10-13T14:58:11","date_gmt":"2022-10-13T12:58:11","guid":{"rendered":"https:\/\/inclusioaltemporda.cat\/portal\/?p=8353"},"modified":"2022-10-13T14:58:45","modified_gmt":"2022-10-13T12:58:45","slug":"arriba-la-segona-jornada-de-maltractaments-a-les-persones-grans","status":"publish","type":"post","link":"https:\/\/inclusioaltemporda.cat\/portal\/arriba-la-segona-jornada-de-maltractaments-a-les-persones-grans\/","title":{"rendered":"Arriba la 2a Jornada contra els maltractaments a les persones grans"},"content":{"rendered":"<div class=\"wpb-content-wrapper\"><p>[vc_row][vc_column][vc_column_text]<span style=\"font-family: Calibri, sans-serif;\"><span style=\"font-size: small;\"><img loading=\"lazy\" decoding=\"async\" class=\" wp-image-8356 alignright\" src=\"https:\/\/inclusioaltemporda.cat\/portal\/wp-content\/uploads\/IMATGE-300x300.jpeg\" alt=\"\" width=\"269\" height=\"269\" srcset=\"https:\/\/inclusioaltemporda.cat\/portal\/wp-content\/uploads\/IMATGE-300x300.jpeg 300w, https:\/\/inclusioaltemporda.cat\/portal\/wp-content\/uploads\/IMATGE-1024x1024.jpeg 1024w, https:\/\/inclusioaltemporda.cat\/portal\/wp-content\/uploads\/IMATGE-150x150.jpeg 150w, https:\/\/inclusioaltemporda.cat\/portal\/wp-content\/uploads\/IMATGE-768x768.jpeg 768w, https:\/\/inclusioaltemporda.cat\/portal\/wp-content\/uploads\/IMATGE.jpeg 1200w\" sizes=\"auto, (max-width: 269px) 100vw, 269px\" \/>El Consell Comarcal de l\u2019Alt Empord\u00e0 i la Fundaci\u00f3 Salut Empord\u00e0 organitzen la \u00abJornada contra el maltractament de les persones grans. Reflexionem sobre el bon tracte i el model de cures\u00bb. Ser\u00e0 el mat\u00ed del 4 de novembre, a l\u2019Auditori dels Caputxins de Figueres, i tamb\u00e9 es podr\u00e0 seguir en l\u00ednia.<\/span><\/span><\/p>\n<p lang=\"es-ES\" align=\"justify\"><span style=\"font-family: Calibri, sans-serif;\"><span style=\"font-size: small;\"><span lang=\"ca-ES\">El <\/span><span style=\"color: #000000;\"><span lang=\"ca-ES\">periodista Sergi Caballero ser\u00e0 l\u2019encarregat de conduir l\u2019acte, que consta de <\/span><\/span><span lang=\"ca-ES\">cinc xerrades a c\u00e0rrec d\u2019especialistes.<\/span><span style=\"color: #000000;\"><span lang=\"ca-ES\"> Les inscripcions estan obertes fins al 28 d\u2019octubre.<\/span><\/span><\/span><\/span><\/p>\n<p lang=\"es-ES\" align=\"justify\"><span style=\"font-family: Calibri, sans-serif;\"><span style=\"font-size: small;\"><span style=\"color: #000000;\"><span lang=\"ca-ES\">La jornada t\u00e9 per objectiu fomentar un envelliment saludable i actiu i conscienciar la ciutadania sobre els drets que tenen les persones grans. Despr\u00e9s de l\u2019\u00e8xit de convocat\u00f2ria de 2021, enguany la tem\u00e0tica se centra en el bon tracte i el model de cures, un \u00e0mbit que engloba una atenci\u00f3 adequada a les persones grans i, en conseq\u00fc\u00e8ncia, el dret a ser informades, el respecte a la intimitat, la privacitat i la dignitat, i el dret a poder decidir sobre aspectes essencials de la seva vida mentre siguin capaces de fer-ho. <\/span><\/span><\/span><\/span><\/p>\n<p lang=\"es-ES\" align=\"justify\"><span style=\"font-family: Calibri, sans-serif;\"><span style=\"font-size: small;\"><span style=\"color: #000000;\"><span lang=\"ca-ES\">La jornada s\u2019inclou en el Projecte d\u2019Especialitzaci\u00f3 i Competitivitat Territorial (PECT) \u201cGirona, innovaci\u00f3 social i digital: noves respostes davant els reptes del mil\u00b7lenni\u201d, que coordina la Diputaci\u00f3 de Girona. La meitat del projecte est\u00e0 finan\u00e7at pel Fons Europeu de Desenvolupament Regional (FEDER); el 25 %, per la Diputaci\u00f3 de Girona, i l\u2019altre 25 %, per les mateixes entitats i administracions implicades.<\/span><\/span><\/span><\/span><\/p>\n<p lang=\"es-ES\" align=\"justify\"><span style=\"font-family: Calibri, sans-serif;\"><span style=\"font-size: small;\"><span style=\"color: #000000;\"><span lang=\"ca-ES\"><u><b>Una obra de teatre cient\u00edfic sobre l\u2019envelliment i la vellesa<\/b><\/u><\/span><\/span><\/span><\/span><\/p>\n<p lang=\"es-ES\" align=\"justify\"><span style=\"font-family: Calibri, sans-serif;\"><span style=\"font-size: small;\"><span style=\"color: #000000;\"><span lang=\"ca-ES\"><img loading=\"lazy\" decoding=\"async\" class=\" wp-image-8357 alignleft\" src=\"https:\/\/inclusioaltemporda.cat\/portal\/wp-content\/uploads\/Cartell-El-llegat-Figueres-212x300.jpg\" alt=\"\" width=\"141\" height=\"200\" srcset=\"https:\/\/inclusioaltemporda.cat\/portal\/wp-content\/uploads\/Cartell-El-llegat-Figueres-212x300.jpg 212w, https:\/\/inclusioaltemporda.cat\/portal\/wp-content\/uploads\/Cartell-El-llegat-Figueres-724x1024.jpg 724w, https:\/\/inclusioaltemporda.cat\/portal\/wp-content\/uploads\/Cartell-El-llegat-Figueres-768x1086.jpg 768w, https:\/\/inclusioaltemporda.cat\/portal\/wp-content\/uploads\/Cartell-El-llegat-Figueres-1086x1536.jpg 1086w, https:\/\/inclusioaltemporda.cat\/portal\/wp-content\/uploads\/Cartell-El-llegat-Figueres-1448x2048.jpg 1448w, https:\/\/inclusioaltemporda.cat\/portal\/wp-content\/uploads\/Cartell-El-llegat-Figueres-scaled.jpg 1810w\" sizes=\"auto, (max-width: 141px) 100vw, 141px\" \/>En aquesta segona edici\u00f3 <\/span><\/span><span lang=\"ca-ES\">de la jornada, es complementa l\u2019esdeveniment <\/span><span style=\"color: #000000;\"><span lang=\"ca-ES\">amb l\u2019estrena d\u2019una obra de teatre cient\u00edfic sobre l\u2019envelliment i la vellesa, titulada \u201cEl llegat. Tothom vol viure molt de temps, per\u00f2 ning\u00fa vol ser vell\u201d. La Taula de Maltractaments a les Persones Grans ha fet l\u2019enc\u00e0rrec d\u2019aquest espectacle a l\u2019Institut de Ci\u00e8ncia i Teatre (InCiTe), que compta amb dos int\u00e8rprets a escena, Susana Eva Mart\u00ednez i Pep Mir\u00e0s. L\u2019objectiu \u00e9s crear xarxa amb la societat per trencar prejudicis i estereotips que envolten l\u2019envelliment i fer arribar aquest missatge de conscienciaci\u00f3 a la poblaci\u00f3, principalment als joves. <\/span><\/span><\/span><\/span><\/p>\n<p lang=\"es-ES\" align=\"justify\"><span style=\"font-family: Calibri, sans-serif;\"><span style=\"font-size: small;\"><span style=\"color: #000000;\"><span lang=\"ca-ES\">El programa de representacions inclou inicialment dues dates, el 16 de novembre, al Teatre Municipal El Jard\u00ed de Figueres, amb dues funcions, a les 11 h, per a alumnat d\u2019instituts i per al p\u00fablic general, i a les 6 de la tarda, per al p\u00fablic general. I el 2 de desembre, a les 19 h, al castell de Sant Ferran de Figueres. Tamb\u00e9 es preveuen representacions a Roses i a la Jonquera. Totes les sessions tenen entrada lliure fins a completar l\u2019aforament, no cal reservar pla\u00e7a pr\u00e8viament.<\/span><\/span><\/span><\/span><\/p>\n<p lang=\"es-ES\" align=\"justify\"><span style=\"font-family: Calibri, sans-serif;\"><span style=\"font-size: small;\"><span style=\"color: #000000;\"><span lang=\"ca-ES\"><u><b>Activitats intergeneracionals que impliquen els centres educatius<\/b><\/u><\/span><\/span><\/span><\/span><\/p>\n<p lang=\"es-ES\" align=\"justify\"><span style=\"font-family: Calibri, sans-serif;\"><span style=\"font-size: small;\"><span style=\"color: #000000;\"><span lang=\"ca-ES\"><img loading=\"lazy\" decoding=\"async\" class=\" wp-image-8358 alignright\" src=\"https:\/\/inclusioaltemporda.cat\/portal\/wp-content\/uploads\/Cartell-setmana-edatisme-212x300.jpg\" alt=\"\" width=\"136\" height=\"192\" srcset=\"https:\/\/inclusioaltemporda.cat\/portal\/wp-content\/uploads\/Cartell-setmana-edatisme-212x300.jpg 212w, https:\/\/inclusioaltemporda.cat\/portal\/wp-content\/uploads\/Cartell-setmana-edatisme-724x1024.jpg 724w, https:\/\/inclusioaltemporda.cat\/portal\/wp-content\/uploads\/Cartell-setmana-edatisme-768x1086.jpg 768w, https:\/\/inclusioaltemporda.cat\/portal\/wp-content\/uploads\/Cartell-setmana-edatisme-1086x1536.jpg 1086w, https:\/\/inclusioaltemporda.cat\/portal\/wp-content\/uploads\/Cartell-setmana-edatisme-1448x2048.jpg 1448w, https:\/\/inclusioaltemporda.cat\/portal\/wp-content\/uploads\/Cartell-setmana-edatisme.jpg 1754w\" sizes=\"auto, (max-width: 136px) 100vw, 136px\" \/>La Taula Comarcal de Maltractaments a les Persones Grans incideix en la imatge social de la vellesa, ja que els prejudicis al voltant d&#8217;aquesta etapa vital, l&#8217;edatisme, \u00e9s la tercera causa de discriminaci\u00f3 al m\u00f3n. \u00c9s clau treballar des de la inf\u00e0ncia el respecte vers la gent gran i, per aix\u00f2,<\/span><\/span><span style=\"color: #000000;\"><span lang=\"ca-ES\"> la Taula impulsa <\/span><\/span><span style=\"color: #000000;\"><span lang=\"ca-ES\">tamb\u00e9 un conjunt d\u2019accions que impliquen el m\u00f3n de la doc\u00e8ncia i l\u2019alumnat dels centres educatius de la comarca.<\/span><\/span><\/span><\/span><\/p>\n<p lang=\"es-ES\" align=\"justify\"><span style=\"font-family: Calibri, sans-serif;\"><span style=\"font-size: small;\"><span style=\"color: #000000;\"><span lang=\"ca-ES\">Del 7 a l&#8217;11 de novembre, s\u2019ha promogut la Setmana &#8220;Compartim&#8221;, dedicada a la sensibilitzaci\u00f3 sobre l&#8217;edatisme a les escoles i els instituts de la comarca.<\/span><\/span><\/span><\/span><\/p>\n<p lang=\"es-ES\" align=\"justify\">Podeu trobar el programa de la Jornada <a href=\"https:\/\/inclusioaltemporda.cat\/portal\/wp-content\/uploads\/MpG_Programa-22-1.pdf\">aqu\u00ed<\/a>. I inscriure-us-hi a trav\u00e9s d&#8217;aquest <a href=\"https:\/\/forms.gle\/fapVM4TeSfRwAAca8\">enlla\u00e7<\/a>.<\/p>\n<p>[\/vc_column_text][\/vc_column][\/vc_row]<\/p>\n<\/div>","protected":false},"excerpt":{"rendered":"<p>La jornada, que ser\u00e0 el proper 4 de novembre, anir\u00e0 acompanyada de diverses activitats de sensibilitzaci\u00f3 dirigides a tots els p\u00fablics.<\/p>\n","protected":false},"author":2,"featured_media":8354,"comment_status":"closed","ping_status":"closed","sticky":false,"template":"","format":"standard","meta":{"footnotes":""},"categories":[106,100,101,104,128,1,102],"tags":[],"class_list":["post-8353","post","type-post","status-publish","format-standard","has-post-thumbnail","hentry","category-administracions","category-area-benestar","category-ciutadania","category-entitats-socials","category-envelliment-actiu","category-general","category-professionals-ambit-social","category-106","category-100","category-101","category-104","category-128","category-1","category-102","description-off"],"_links":{"self":[{"href":"https:\/\/inclusioaltemporda.cat\/portal\/wp-json\/wp\/v2\/posts\/8353","targetHints":{"allow":["GET"]}}],"collection":[{"href":"https:\/\/inclusioaltemporda.cat\/portal\/wp-json\/wp\/v2\/posts"}],"about":[{"href":"https:\/\/inclusioaltemporda.cat\/portal\/wp-json\/wp\/v2\/types\/post"}],"author":[{"embeddable":true,"href":"https:\/\/inclusioaltemporda.cat\/portal\/wp-json\/wp\/v2\/users\/2"}],"replies":[{"embeddable":true,"href":"https:\/\/inclusioaltemporda.cat\/portal\/wp-json\/wp\/v2\/comments?post=8353"}],"version-history":[{"count":2,"href":"https:\/\/inclusioaltemporda.cat\/portal\/wp-json\/wp\/v2\/posts\/8353\/revisions"}],"predecessor-version":[{"id":8360,"href":"https:\/\/inclusioaltemporda.cat\/portal\/wp-json\/wp\/v2\/posts\/8353\/revisions\/8360"}],"wp:featuredmedia":[{"embeddable":true,"href":"https:\/\/inclusioaltemporda.cat\/portal\/wp-json\/wp\/v2\/media\/8354"}],"wp:attachment":[{"href":"https:\/\/inclusioaltemporda.cat\/portal\/wp-json\/wp\/v2\/media?parent=8353"}],"wp:term":[{"taxonomy":"category","embeddable":true,"href":"https:\/\/inclusioaltemporda.cat\/portal\/wp-json\/wp\/v2\/categories?post=8353"},{"taxonomy":"post_tag","embeddable":true,"href":"https:\/\/inclusioaltemporda.cat\/portal\/wp-json\/wp\/v2\/tags?post=8353"}],"curies":[{"name":"wp","href":"https:\/\/api.w.org\/{rel}","templated":true}]}}