{"id":8362,"date":"2022-10-28T10:35:37","date_gmt":"2022-10-28T08:35:37","guid":{"rendered":"https:\/\/inclusioaltemporda.cat\/portal\/?p=8362"},"modified":"2022-10-28T15:12:20","modified_gmt":"2022-10-28T13:12:20","slug":"nova-jornada-de-formacio-per-a-entitats","status":"publish","type":"post","link":"https:\/\/inclusioaltemporda.cat\/portal\/nova-jornada-de-formacio-per-a-entitats\/","title":{"rendered":"Jornada de formaci\u00f3 de la Taula d\u2019Inclusi\u00f3 de l\u2019Alt Empord\u00e0 \u201cIniciaci\u00f3 a l\u2019avaluaci\u00f3 de projectes socials\u201d"},"content":{"rendered":"<div class=\"wpb-content-wrapper\"><p>[vc_row][vc_column][vc_column_text]El proper divendres 2 de desembre tindr\u00e0 lloc la Jornada de formaci\u00f3 per entitats 2022 amb el t\u00edtol \u00abIniciaci\u00f3 a l\u2019avaluaci\u00f3 de projectes socials\u00bb. Aquesta formaci\u00f3 est\u00e0 organitzada per la Taula d\u2019Inclusi\u00f3 Social i el Consell Comarcal de l\u2019Alt Empord\u00e0 i busca promoure el coneixement i la pr\u00e0ctica entorn l\u2019avaluaci\u00f3 de projectes socials.<\/p>\n<p>La Jornada, que enguany recupera el seu format presencial, es celebrar\u00e0 al Centre de Turisme Cultural Sant Dom\u00e8nec de Peralada de 9:30h a 13:45h.<\/p>\n<p>L\u2019objectiu de la formaci\u00f3 es oferir a les persones participants nocions inicials sobre avaluaci\u00f3 per tal de facilitar-ne la introducci\u00f3 en els programes i projectes socials que desenvolupen. Podeu consultar el programa de la jornada en aquest <a href=\"https:\/\/inclusioaltemporda.cat\/portal\/wp-content\/uploads\/Programa-jornada-2022.pdf\">enlla\u00e7<\/a>.<\/p>\n<p>\u00c9s imprescindible fer la inscripci\u00f3 a trav\u00e9s d\u2019aquest <a href=\"https:\/\/forms.gle\/xXag9JVTwi76RtSH8\">formulari<\/a> abans del 25 de novembre per poder participar a la Jornada. La inscripci\u00f3 \u00e9s gratu\u00efta i inclou dinar. Les places s\u00f3n limitades per ordre de registre.<\/p>\n<p>Aquesta vuitena edici\u00f3 de La Jornada es podr\u00e0 seguir a trav\u00e9s del compte de twitter <a href=\"https:\/\/twitter.com\/AltEmpordaIN\">@AltEmpordaIN<\/a>.<\/p>\n<p>Per a m\u00e9s informaci\u00f3 podeu contactar amb el Consell Comarcal de l\u2019Alt Empord\u00e0 al tel\u00e8fon 972.67.70.50 (de 9h a 14h) o a trav\u00e9s del correu electr\u00f2nic <a href=\"mailto:inclusio@altemporda.cat\">inclusio@altemporda.cat.<\/a><\/p>\n<p>[\/vc_column_text][\/vc_column][\/vc_row]<\/p>\n<\/div>","protected":false},"excerpt":{"rendered":"<p>El proper divendres 2 de desembre tindr\u00e0 lloc la Jornada de formaci\u00f3 per entitats 2022 amb el t\u00edtol \u00abIniciaci\u00f3 a l\u2019avaluaci\u00f3 de projectes socials\u00bb.<\/p>\n","protected":false},"author":2,"featured_media":8364,"comment_status":"closed","ping_status":"closed","sticky":false,"template":"","format":"standard","meta":{"footnotes":""},"categories":[100,104,1,12,102,11],"tags":[],"class_list":["post-8362","post","type-post","status-publish","format-standard","has-post-thumbnail","hentry","category-area-benestar","category-entitats-socials","category-general","category-pla-dinclusio-2","category-professionals-ambit-social","category-taula-inclusio","category-100","category-104","category-1","category-12","category-102","category-11","description-off"],"_links":{"self":[{"href":"https:\/\/inclusioaltemporda.cat\/portal\/wp-json\/wp\/v2\/posts\/8362","targetHints":{"allow":["GET"]}}],"collection":[{"href":"https:\/\/inclusioaltemporda.cat\/portal\/wp-json\/wp\/v2\/posts"}],"about":[{"href":"https:\/\/inclusioaltemporda.cat\/portal\/wp-json\/wp\/v2\/types\/post"}],"author":[{"embeddable":true,"href":"https:\/\/inclusioaltemporda.cat\/portal\/wp-json\/wp\/v2\/users\/2"}],"replies":[{"embeddable":true,"href":"https:\/\/inclusioaltemporda.cat\/portal\/wp-json\/wp\/v2\/comments?post=8362"}],"version-history":[{"count":3,"href":"https:\/\/inclusioaltemporda.cat\/portal\/wp-json\/wp\/v2\/posts\/8362\/revisions"}],"predecessor-version":[{"id":8367,"href":"https:\/\/inclusioaltemporda.cat\/portal\/wp-json\/wp\/v2\/posts\/8362\/revisions\/8367"}],"wp:featuredmedia":[{"embeddable":true,"href":"https:\/\/inclusioaltemporda.cat\/portal\/wp-json\/wp\/v2\/media\/8364"}],"wp:attachment":[{"href":"https:\/\/inclusioaltemporda.cat\/portal\/wp-json\/wp\/v2\/media?parent=8362"}],"wp:term":[{"taxonomy":"category","embeddable":true,"href":"https:\/\/inclusioaltemporda.cat\/portal\/wp-json\/wp\/v2\/categories?post=8362"},{"taxonomy":"post_tag","embeddable":true,"href":"https:\/\/inclusioaltemporda.cat\/portal\/wp-json\/wp\/v2\/tags?post=8362"}],"curies":[{"name":"wp","href":"https:\/\/api.w.org\/{rel}","templated":true}]}}