{"id":8370,"date":"2022-11-15T09:04:24","date_gmt":"2022-11-15T08:04:24","guid":{"rendered":"https:\/\/inclusioaltemporda.cat\/portal\/?p=8370"},"modified":"2022-11-15T09:04:24","modified_gmt":"2022-11-15T08:04:24","slug":"una-vintena-de-centres-educatius-de-lalt-emporda-participen-a-la-setmana-compartim-de-la-taula-comarcal-de-maltractaments-a-les-persones-grans","status":"publish","type":"post","link":"https:\/\/inclusioaltemporda.cat\/portal\/una-vintena-de-centres-educatius-de-lalt-emporda-participen-a-la-setmana-compartim-de-la-taula-comarcal-de-maltractaments-a-les-persones-grans\/","title":{"rendered":"Una vintena de centres educatius de l\u2019Alt Empord\u00e0 participen a la Setmana \u201cCompartim\u201d de la Taula Comarcal de Maltractaments a les Persones Grans"},"content":{"rendered":"<div class=\"wpb-content-wrapper\"><p>[vc_row][vc_column][vc_column_text]Del 7 a l&#8217;11 de novembre, escoles i instituts de la comarca han acollit diverses activitats de sensibilitzaci\u00f3 sobre la imatge social de la vellesa. La proposta, impulsada per primer cop per la Taula, complementa la jornada sobre maltractaments a la gent gran que va tenir lloc el 4 de novembre.<\/p>\n<p><img loading=\"lazy\" decoding=\"async\" class=\"size-medium wp-image-8358 alignright\" src=\"https:\/\/inclusioaltemporda.cat\/portal\/wp-content\/uploads\/Cartell-setmana-edatisme-212x300.jpg\" alt=\"\" width=\"212\" height=\"300\" srcset=\"https:\/\/inclusioaltemporda.cat\/portal\/wp-content\/uploads\/Cartell-setmana-edatisme-212x300.jpg 212w, https:\/\/inclusioaltemporda.cat\/portal\/wp-content\/uploads\/Cartell-setmana-edatisme-724x1024.jpg 724w, https:\/\/inclusioaltemporda.cat\/portal\/wp-content\/uploads\/Cartell-setmana-edatisme-768x1086.jpg 768w, https:\/\/inclusioaltemporda.cat\/portal\/wp-content\/uploads\/Cartell-setmana-edatisme-1086x1536.jpg 1086w, https:\/\/inclusioaltemporda.cat\/portal\/wp-content\/uploads\/Cartell-setmana-edatisme-1448x2048.jpg 1448w, https:\/\/inclusioaltemporda.cat\/portal\/wp-content\/uploads\/Cartell-setmana-edatisme.jpg 1754w\" sizes=\"auto, (max-width: 212px) 100vw, 212px\" \/>Setze escoles de prim\u00e0ria i dos centres de secund\u00e0ria de la comarca de l&#8217;Alt Empord\u00e0 han participat en la<strong>\u00a0Setmana \u201cCompartim\u201d<\/strong>, que ha tingut lloc del 7 a l&#8217;11 de novembre i ha estat impulsada per la\u00a0<strong>Taula Comarcal de Maltractaments a les Persones Grans de l&#8217;Alt Empord\u00e0<\/strong>. Es tracta d&#8217;una de les propostes complement\u00e0ries a la segona edici\u00f3 de la jornada sobre maltractaments a les persones grans, que es va celebrar el passat divendres 4 de novembre. Enguany, ha estat el primer cop que s&#8217;organitza la Setmana \u201cCompartim\u201d, amb l&#8217;objectiu que els centres educatius de la comarca ofereixin un ampli ventall d&#8217;activitats de sensibilitzaci\u00f3 i\/o intergeneracionals per incidir en una imatge social de la vellesa m\u00e9s real i diversa i aix\u00ed tractar els prejudicis al voltant de l&#8217;edat (l&#8217;edatisme) entre els seus alumnes. En total, s&#8217;han organitzat una vintena de propostes intergeneracionals, que han arribat a la vora de 2.000 estudiants d&#8217;entre 3 i 18 anys.<\/p>\n<p>L&#8217;objectiu de les diferents activitats ha estat\u00a0<strong>apropar la vellesa als infants i adolescents des d&#8217;un vessant l\u00fadic i pedag\u00f2gic<\/strong>, a la vegada que han compartit estones de joc amb persones grans volunt\u00e0ries i del Consell de Gent Gran. \u00a0Aix\u00ed, al llarg de la setmana, s&#8217;han explicat contes sobre la vellesa i el fer-se gran, s&#8217;han fet tallers intergeneracionals, xerrades, tallers de dibuix, jocs de taula, tert\u00falies i converses compartides entre nens i joves i persones grans i visites a resid\u00e8ncies i a casals de gent gran, entre altres din\u00e0miques. Tot plegat, coordinat per representants de la Taula de Maltractaments a les Persones Grans, els quals tamb\u00e9 han impartit xerrades a l&#8217;alumnat dels instituts Alexandre Deulofeu i Ramon Muntaner de Figueres sobre qu\u00e8 \u00e9s l&#8217;edatisme i com evitar els prejudicis basats \u00fanicament en l&#8217;edat de les persones. Arrel de la Setmana \u201cCompartim\u201d, alguns dels centres han previst donar continu\u00eftat a les activitats al llarg d&#8217;aquest mateix curs.<\/p>\n<p>Les escoles de prim\u00e0ria participants en la proposta s\u00f3n Joan Regl\u00e0 de B\u00e0scara, Cor de Maria de Figueres, Ramon Muntaner de Peralada, la del Far d&#8217;Empord\u00e0, Vallgarriga de Sant Miquel de Fluvi\u00e0, Torre d&#8217;en Reig de Vilabertran, Puig d&#8217;Esquers de Colera, la de Palau de Santa Eul\u00e0lia, Gon\u00e7al Comellas d&#8217;Avinyonet de Puigvent\u00f3s, Emp\u00faries de l&#8217;Escala, Els Grecs i Vicens Vives de Roses, Teresa de Pallej\u00e0 de Forti\u00e0, Sant Jaume de Portbou, i Josep Pallach i Pous i Pag\u00e8s de Figueres.<\/p>\n<p><strong>Mar Carreras<\/strong>, psic\u00f2loga de l&#8217;\u00e0rea de Benestar del Consell Comarcal de l&#8217;Alt Empord\u00e0, \u00e9s una de les t\u00e8cniques que ha dinamitzat l&#8217;activat dels contes a les escoles i explica que la iniciativa ha estat \u201cmolt positiva i emocionant\u201d tant per als nens i els joves com per a les persones grans que hi han participat. \u201cTotes les activitats han tingut una molt bona acollida i una molt bona resposta. L&#8217;objectiu de fer taca d&#8217;oli i de despertar la motivaci\u00f3 en la sensibilitzaci\u00f3 intergeneracional s&#8217;ha aconseguit\u201d, ha dit Mar Carreras, i hi ha afegit: \u201cLa voluntat dels centres educatius \u00e9s poder repetir-ho el curs vinent. Fins i tot, ens hem trobat m\u00e9s escoles i instituts que aquest any no ho han pogut fer, per\u00f2 que ja han mostrat el seu inter\u00e8s per sumar-s&#8217;hi el curs que ve\u201d.<\/p>\n<p><u><strong>M\u00e9s activitats complement\u00e0ries<\/strong><\/u><br \/>\nA m\u00e9s de la Setmana \u201cCompartim\u201d, i com a complement de les jornades sobre maltractaments a les persones grans, el dimecres 16 de novembre, s&#8217;estrena una obra de teatre cient\u00edfic sobre l&#8217;envelliment i la vellesa al teatre El Jard\u00ed de Figueres. Porta per t\u00edtol<strong>\u00a0\u201cEl llegat. Tothom vol viure molt de temps, per\u00f2 ning\u00fa vol ser vell\u201d<\/strong>\u00a0i \u00e9s un enc\u00e0rrec de la Taula de Maltractaments a les Persones Grans a l&#8217;Institut de Ci\u00e8ncia i Teatre (InCiTe). Compta amb dos int\u00e8rprets a escena, Susana Eva Mart\u00ednez i Pep Mir\u00e0s, i busca crear xarxa amb la societat per trencar els prejudicis i estereotips que envolten l&#8217;envelliment i fer arribar aquest missatge de conscienciaci\u00f3 a la poblaci\u00f3.<\/p>\n<p>El programa de representacions inclou quatre dates:\u00a0<strong>el 16 de novembre<\/strong>, al Teatre Municipal El Jard\u00ed de Figueres, amb dues funcions, a les 11 h (per a alumnat d&#8217;instituts i per al p\u00fablic general), i a les 18 h (per al p\u00fablic general).<strong>\u00a0El 22 de novembre<\/strong>, a les 11 h, al Teatre Municipal de Roses.\u00a0<strong>El 2 de desembre<\/strong>, a les 19 h, es dur\u00e0 a terme al castell de Sant Ferran de Figueres. I, a Agullana,\u00a0<strong>el 22 de gener<\/strong>, a les 18 h, a la Sala Polivalent. Totes les sessions tenen entrada lliure fins a completar l&#8217;aforament, no cal reservar pla\u00e7a pr\u00e8viament.[\/vc_column_text][\/vc_column][\/vc_row]<\/p>\n<\/div>","protected":false},"excerpt":{"rendered":"<p>Del 7 a l&#8217;11 de novembre, escoles i instituts de la comarca han acollit diverses activitats de sensibilitzaci\u00f3 sobre la imatge social de la vellesa. La proposta, impulsada per primer cop per la Taula, complementa la jornada sobre maltractaments a la gent gran que va tenir lloc el 4 de novembre.<\/p>\n","protected":false},"author":2,"featured_media":8371,"comment_status":"closed","ping_status":"closed","sticky":false,"template":"","format":"standard","meta":{"footnotes":""},"categories":[106,100,101,104,128,103,1,127,102],"tags":[],"class_list":["post-8370","post","type-post","status-publish","format-standard","has-post-thumbnail","hentry","category-administracions","category-area-benestar","category-ciutadania","category-entitats-socials","category-envelliment-actiu","category-estudiants-escoles-instituts","category-general","category-infancia-i-adolescencia","category-professionals-ambit-social","category-106","category-100","category-101","category-104","category-128","category-103","category-1","category-127","category-102","description-off"],"_links":{"self":[{"href":"https:\/\/inclusioaltemporda.cat\/portal\/wp-json\/wp\/v2\/posts\/8370","targetHints":{"allow":["GET"]}}],"collection":[{"href":"https:\/\/inclusioaltemporda.cat\/portal\/wp-json\/wp\/v2\/posts"}],"about":[{"href":"https:\/\/inclusioaltemporda.cat\/portal\/wp-json\/wp\/v2\/types\/post"}],"author":[{"embeddable":true,"href":"https:\/\/inclusioaltemporda.cat\/portal\/wp-json\/wp\/v2\/users\/2"}],"replies":[{"embeddable":true,"href":"https:\/\/inclusioaltemporda.cat\/portal\/wp-json\/wp\/v2\/comments?post=8370"}],"version-history":[{"count":2,"href":"https:\/\/inclusioaltemporda.cat\/portal\/wp-json\/wp\/v2\/posts\/8370\/revisions"}],"predecessor-version":[{"id":8373,"href":"https:\/\/inclusioaltemporda.cat\/portal\/wp-json\/wp\/v2\/posts\/8370\/revisions\/8373"}],"wp:featuredmedia":[{"embeddable":true,"href":"https:\/\/inclusioaltemporda.cat\/portal\/wp-json\/wp\/v2\/media\/8371"}],"wp:attachment":[{"href":"https:\/\/inclusioaltemporda.cat\/portal\/wp-json\/wp\/v2\/media?parent=8370"}],"wp:term":[{"taxonomy":"category","embeddable":true,"href":"https:\/\/inclusioaltemporda.cat\/portal\/wp-json\/wp\/v2\/categories?post=8370"},{"taxonomy":"post_tag","embeddable":true,"href":"https:\/\/inclusioaltemporda.cat\/portal\/wp-json\/wp\/v2\/tags?post=8370"}],"curies":[{"name":"wp","href":"https:\/\/api.w.org\/{rel}","templated":true}]}}