{"id":8382,"date":"2022-12-12T09:24:42","date_gmt":"2022-12-12T08:24:42","guid":{"rendered":"https:\/\/inclusioaltemporda.cat\/portal\/?p=8382"},"modified":"2022-12-12T09:27:46","modified_gmt":"2022-12-12T08:27:46","slug":"ja-disponibles-les-gravacions-de-la-2a-jornada-sobre-el-maltractament-a-les-persones-grans","status":"publish","type":"post","link":"https:\/\/inclusioaltemporda.cat\/portal\/ja-disponibles-les-gravacions-de-la-2a-jornada-sobre-el-maltractament-a-les-persones-grans\/","title":{"rendered":"Ja disponibles les gravacions de la &#8220;2a Jornada sobre el maltractament a les persones grans&#8221;"},"content":{"rendered":"<div class=\"wpb-content-wrapper\"><p>[vc_row][vc_column][vc_column_text]El passat 4 de novembre va tenir lloc la<a href=\"https:\/\/inclusioaltemporda.cat\/portal\/arriba-la-segona\u2026s-persones-grans\/\"> 2a Jornada sobre el Maltractament a les persones grans<\/a>, organitzada per la Taula Comarcal de Maltractaments de l&#8217;Alt Empord\u00e0. La jornada es va desenvolupar en format h\u00edbrid, tant de forma presencial, amb gaireb\u00e9 150 assistents, com virtual, amb 176 persones inscrites.<\/p>\n<p>&nbsp;<\/p>\n<p>En total, m\u00e9s de 320 persones que van poder seguir les diferents pon\u00e8ncies, a carrec d&#8217;expertes en l&#8217;\u00e0mbit de les cures i el bon tracte a les persones grans. Aquestes pon\u00e8ncies han quedat recollides en els seg\u00fcents v\u00eddeos, oberts a tota la ciutadania:<\/p>\n<p>&#8211;\u00a0<a href=\"https:\/\/www.youtube.com\/watch?v=OmV3e5-Aue8\" target=\"_blank\" rel=\"noopener\">&#8220;Ampliar la mirada: de la prevenci\u00f3 del maltractament a la promoci\u00f3 del bon tracte&#8221;<\/a>.\u00a0Pon\u00e8ncia a c\u00e0rrec de Montse Esquerda.<\/p>\n<p>&#8211;\u00a0<a href=\"https:\/\/www.youtube.com\/watch?v=SGsbSWHUz0A\" target=\"_blank\" rel=\"noopener\">&#8220;El dret de la cura: un repte per al\u00a0segle XXI&#8221;<\/a>. Pon\u00e8ncia a c\u00e0rrec de Dolors Comas d&#8217;Argemir.<\/p>\n<p>&#8211;\u00a0<a href=\"https:\/\/www.youtube.com\/watch?v=EZBLa_NY1Go\" target=\"_blank\" rel=\"noopener\">&#8220;Reflexions i propostes de millora en l&#8217;entorn residencial&#8221;<\/a>. Pon\u00e8ncia a c\u00e0rrec de Montse Sol\u00e9.<\/p>\n<p>&#8211; &#8220;<a href=\"https:\/\/www.youtube.com\/watch?v=cbUp46l_TF4\" target=\"_blank\" rel=\"noopener\">Vivir como quiero: derechos de las personas en los entornos de interdependencia&#8221;<\/a>. Pon\u00e8ncia a c\u00e0rrec de Mayte Sancho.<\/p>\n<p>&#8211;\u00a0<a href=\"https:\/\/www.youtube.com\/watch?v=1hvKYpomMmU\" target=\"_blank\" rel=\"noopener\">&#8220;Els maltractaments a les persones grans des d&#8217;una perspectiva preventiva i comunit\u00e0ria&#8221;\u200b<\/a>. Pon\u00e8ncia a c\u00e0rrec de Gl\u00f2ria Pla i\u00a0Sandra Devesa.[\/vc_column_text][\/vc_column][\/vc_row]<\/p>\n<\/div>","protected":false},"excerpt":{"rendered":"<p>[vc_row][vc_column][vc_column_text]El passat 4 de novembre va tenir lloc la 2a Jornada sobre el Maltractament a les persones grans, organitzada per la Taula Comarcal de Maltractaments de l&#8217;Alt Empord\u00e0. La jornada&hellip;<\/p>\n","protected":false},"author":2,"featured_media":8356,"comment_status":"closed","ping_status":"closed","sticky":false,"template":"","format":"standard","meta":{"footnotes":""},"categories":[106,100,101,104,128,1,102],"tags":[],"class_list":["post-8382","post","type-post","status-publish","format-standard","has-post-thumbnail","hentry","category-administracions","category-area-benestar","category-ciutadania","category-entitats-socials","category-envelliment-actiu","category-general","category-professionals-ambit-social","category-106","category-100","category-101","category-104","category-128","category-1","category-102","description-off"],"_links":{"self":[{"href":"https:\/\/inclusioaltemporda.cat\/portal\/wp-json\/wp\/v2\/posts\/8382","targetHints":{"allow":["GET"]}}],"collection":[{"href":"https:\/\/inclusioaltemporda.cat\/portal\/wp-json\/wp\/v2\/posts"}],"about":[{"href":"https:\/\/inclusioaltemporda.cat\/portal\/wp-json\/wp\/v2\/types\/post"}],"author":[{"embeddable":true,"href":"https:\/\/inclusioaltemporda.cat\/portal\/wp-json\/wp\/v2\/users\/2"}],"replies":[{"embeddable":true,"href":"https:\/\/inclusioaltemporda.cat\/portal\/wp-json\/wp\/v2\/comments?post=8382"}],"version-history":[{"count":3,"href":"https:\/\/inclusioaltemporda.cat\/portal\/wp-json\/wp\/v2\/posts\/8382\/revisions"}],"predecessor-version":[{"id":8385,"href":"https:\/\/inclusioaltemporda.cat\/portal\/wp-json\/wp\/v2\/posts\/8382\/revisions\/8385"}],"wp:featuredmedia":[{"embeddable":true,"href":"https:\/\/inclusioaltemporda.cat\/portal\/wp-json\/wp\/v2\/media\/8356"}],"wp:attachment":[{"href":"https:\/\/inclusioaltemporda.cat\/portal\/wp-json\/wp\/v2\/media?parent=8382"}],"wp:term":[{"taxonomy":"category","embeddable":true,"href":"https:\/\/inclusioaltemporda.cat\/portal\/wp-json\/wp\/v2\/categories?post=8382"},{"taxonomy":"post_tag","embeddable":true,"href":"https:\/\/inclusioaltemporda.cat\/portal\/wp-json\/wp\/v2\/tags?post=8382"}],"curies":[{"name":"wp","href":"https:\/\/api.w.org\/{rel}","templated":true}]}}