{"id":8388,"date":"2023-01-03T11:31:09","date_gmt":"2023-01-03T10:31:09","guid":{"rendered":"https:\/\/inclusioaltemporda.cat\/portal\/?p=8388"},"modified":"2023-01-03T11:31:09","modified_gmt":"2023-01-03T10:31:09","slug":"comenca-la-prova-pilot-del-tic-tac-itinerant-a-cadaques-i-llers","status":"publish","type":"post","link":"https:\/\/inclusioaltemporda.cat\/portal\/comenca-la-prova-pilot-del-tic-tac-itinerant-a-cadaques-i-llers\/","title":{"rendered":"Comen\u00e7a la prova pilot del Tic-Tac itinerant a Cadaqu\u00e9s i Llers"},"content":{"rendered":"<p>Durant els mesos de gener i febrer, l\u2019Equip d\u2019Inclusi\u00f3 i Atenci\u00f3 a la Comunitat de l\u2019\u00c0rea de Benestar del Consell Comarcal posa en marxa dues noves edicions pilot del <a href=\"https:\/\/inclusioaltemporda.cat\/portal\/el-consell-comarcal-de-lalt-emporda-inicia-una-nova-edicio-del-tic-tac-projecte-comunitari-dalfabetitzacio-digital\/\">projecte Tic-Tac<\/a> en format itinerant, a Cadaqu\u00e9s i Llers.<\/p>\n<p>En aquesta ocasi\u00f3, es plantegen deu sessions independents, dividides en dues parts cadascuna. A la primera, es tractar\u00e0 sobre un tr\u00e0mit concret, a partir dels continguts que han generat m\u00e9s inter\u00e8s en les edicions anteriors del Tic-Tac. A la segona, s\u2019obrir\u00e0 un espai de suport individual per als tr\u00e0mits que les persones assistents hagin de fer amb l\u2019Administraci\u00f3 p\u00fablica.<\/p>\n<p>Per assistir a les sessions, que s\u00f3n obertes a tothom, no cal inscripci\u00f3 pr\u00e8via. Es pot assistir a aquelles sessions que resultin m\u00e9s interessants per a la persona, sense necessitat de seguir tota el taller.<\/p>\n<p>El taller tindr\u00e0 lloc cada dilluns a l\u2019Ajuntament de Llers, a partir del 9 de gener, i cada dimecres a la Biblioteca de l\u2019Escola Caritat Serinyana de Cadaqu\u00e9s, a partir de l\u201911 de gener.<\/p>\n<p>Podeu trobar el programa dels tallers aqu\u00ed:<\/p>\n<p>.<a href=\"https:\/\/inclusioaltemporda.cat\/portal\/wp-content\/uploads\/Cartell-Tic-Tac-itinerant-Cadaques-scaled.jpg\"> Cadaqu\u00e9s<\/a><\/p>\n<p><a href=\"https:\/\/inclusioaltemporda.cat\/portal\/wp-content\/uploads\/Cartell-Tic-Tac-itinerant-Llers-scaled.jpg\">. Llers<\/a><\/p>\n<p>El Projecte comunitari d\u2019alfabetitzaci\u00f3 digital \u00e9s una iniciativa impulsada per l\u2019Equip d\u2019Inclusi\u00f3 i Atenci\u00f3 a la Comunitat del Consell Comarcal, que compta amb el suport econ\u00f2mic del Programa Benestar i Comunitat de Dipsalut.<\/p>\n","protected":false},"excerpt":{"rendered":"<p>Durant els mesos de gener i febrer, l\u2019Equip d\u2019Inclusi\u00f3 i Atenci\u00f3 a la Comunitat de l\u2019\u00c0rea de Benestar del Consell Comarcal posa en marxa dues noves edicions pilot del projecte Tic-Tac en format itinerant, a Cadaqu\u00e9s i Llers.<\/p>\n","protected":false},"author":2,"featured_media":8391,"comment_status":"closed","ping_status":"closed","sticky":false,"template":"","format":"standard","meta":{"footnotes":""},"categories":[106,100,101,128,1,12],"tags":[],"class_list":["post-8388","post","type-post","status-publish","format-standard","has-post-thumbnail","hentry","category-administracions","category-area-benestar","category-ciutadania","category-envelliment-actiu","category-general","category-pla-dinclusio-2","category-106","category-100","category-101","category-128","category-1","category-12","description-off"],"_links":{"self":[{"href":"https:\/\/inclusioaltemporda.cat\/portal\/wp-json\/wp\/v2\/posts\/8388","targetHints":{"allow":["GET"]}}],"collection":[{"href":"https:\/\/inclusioaltemporda.cat\/portal\/wp-json\/wp\/v2\/posts"}],"about":[{"href":"https:\/\/inclusioaltemporda.cat\/portal\/wp-json\/wp\/v2\/types\/post"}],"author":[{"embeddable":true,"href":"https:\/\/inclusioaltemporda.cat\/portal\/wp-json\/wp\/v2\/users\/2"}],"replies":[{"embeddable":true,"href":"https:\/\/inclusioaltemporda.cat\/portal\/wp-json\/wp\/v2\/comments?post=8388"}],"version-history":[{"count":2,"href":"https:\/\/inclusioaltemporda.cat\/portal\/wp-json\/wp\/v2\/posts\/8388\/revisions"}],"predecessor-version":[{"id":8393,"href":"https:\/\/inclusioaltemporda.cat\/portal\/wp-json\/wp\/v2\/posts\/8388\/revisions\/8393"}],"wp:featuredmedia":[{"embeddable":true,"href":"https:\/\/inclusioaltemporda.cat\/portal\/wp-json\/wp\/v2\/media\/8391"}],"wp:attachment":[{"href":"https:\/\/inclusioaltemporda.cat\/portal\/wp-json\/wp\/v2\/media?parent=8388"}],"wp:term":[{"taxonomy":"category","embeddable":true,"href":"https:\/\/inclusioaltemporda.cat\/portal\/wp-json\/wp\/v2\/categories?post=8388"},{"taxonomy":"post_tag","embeddable":true,"href":"https:\/\/inclusioaltemporda.cat\/portal\/wp-json\/wp\/v2\/tags?post=8388"}],"curies":[{"name":"wp","href":"https:\/\/api.w.org\/{rel}","templated":true}]}}