{"id":8408,"date":"2023-02-01T11:12:43","date_gmt":"2023-02-01T10:12:43","guid":{"rendered":"https:\/\/inclusioaltemporda.cat\/portal\/?p=8408"},"modified":"2023-02-01T11:12:43","modified_gmt":"2023-02-01T10:12:43","slug":"en-marxa-el-programa-dones-i-salut-a-sant-pere-pescador","status":"publish","type":"post","link":"https:\/\/inclusioaltemporda.cat\/portal\/en-marxa-el-programa-dones-i-salut-a-sant-pere-pescador\/","title":{"rendered":"En marxa el Programa Dones i Salut a Sant Pere Pescador"},"content":{"rendered":"<div class=\"wpb-content-wrapper\"><p>[vc_row][vc_column][vc_column_text]<\/p>\n<p align=\"justify\">L\u2019espai d\u2019Entitats de Sant Pere promou el Programa Dones i Salut, adre\u00e7at a totes les ve\u00efnes santperenques. El programa preveu activitats esportives de baix impacte, caminades i sessions de ioga, cada dilluns de 9h a 11h a l\u2019Espai d\u2019Entitats.<\/p>\n<p align=\"justify\">El Programa ha generat un espai de trobada entre dones de diferents or\u00edgens i cultures per tal de millorar el benestar f\u00edsic i emocional de les dones des de la sororitat i amb mirada intergeneracional i intercultural, un espai que ajudi a promoure l\u2019autonomia, l\u2019autogesti\u00f3, i els coneixements entre ve\u00efnes del poble.<\/p>\n<p align=\"justify\">Les activitats es coordinen conjuntament entre la t\u00e8cnica d\u2019acci\u00f3 comunit\u00e0ria de l\u2019Espai, la mediadora intercultural i la mediadora en salut de la Fundaci\u00f3 Salut Empord\u00e0.<\/p>\n<p align=\"justify\">El tercer dilluns de cada mes es realitza un taller o activitat concreta. Fins ara, s\u2019han realitzat tres tallers, sobre plantes i herbes medicinals, percussi\u00f3 corporal i artter\u00e0pia, i hi han participat una vintena de ve\u00efnes.<\/p>\n<p align=\"justify\">Les activitats s\u00f3n obertes a totes les dones de Sant Pere Pescador i els pobles de l\u2019entorn. En el futur s\u2019espera poder oferir un espai f\u00edsic obert per a la pr\u00e0ctica esportiva.<\/p>\n<p>[\/vc_column_text][\/vc_column][\/vc_row][vc_row][vc_column][vc_masonry_media_grid element_width=&#8221;6&#8243; grid_id=&#8221;vc_gid:1675246043024-345d3934-8619-8&#8243; include=&#8221;8412,8411,8410,8413&#8243;][\/vc_column][\/vc_row]<\/p>\n<\/div>","protected":false},"excerpt":{"rendered":"<p>L\u2019espai d\u2019Entitats de Sant Pere promou el Programa Dones i Salut, adre\u00e7at a totes les ve\u00efnes santperenques. El programa preveu activitats esportives de baix impacte, caminades i sessions de ioga.<\/p>\n","protected":false},"author":2,"featured_media":8409,"comment_status":"closed","ping_status":"closed","sticky":false,"template":"","format":"standard","meta":{"footnotes":""},"categories":[100,101,1,12],"tags":[],"class_list":["post-8408","post","type-post","status-publish","format-standard","has-post-thumbnail","hentry","category-area-benestar","category-ciutadania","category-general","category-pla-dinclusio-2","category-100","category-101","category-1","category-12","description-off"],"_links":{"self":[{"href":"https:\/\/inclusioaltemporda.cat\/portal\/wp-json\/wp\/v2\/posts\/8408","targetHints":{"allow":["GET"]}}],"collection":[{"href":"https:\/\/inclusioaltemporda.cat\/portal\/wp-json\/wp\/v2\/posts"}],"about":[{"href":"https:\/\/inclusioaltemporda.cat\/portal\/wp-json\/wp\/v2\/types\/post"}],"author":[{"embeddable":true,"href":"https:\/\/inclusioaltemporda.cat\/portal\/wp-json\/wp\/v2\/users\/2"}],"replies":[{"embeddable":true,"href":"https:\/\/inclusioaltemporda.cat\/portal\/wp-json\/wp\/v2\/comments?post=8408"}],"version-history":[{"count":1,"href":"https:\/\/inclusioaltemporda.cat\/portal\/wp-json\/wp\/v2\/posts\/8408\/revisions"}],"predecessor-version":[{"id":8414,"href":"https:\/\/inclusioaltemporda.cat\/portal\/wp-json\/wp\/v2\/posts\/8408\/revisions\/8414"}],"wp:featuredmedia":[{"embeddable":true,"href":"https:\/\/inclusioaltemporda.cat\/portal\/wp-json\/wp\/v2\/media\/8409"}],"wp:attachment":[{"href":"https:\/\/inclusioaltemporda.cat\/portal\/wp-json\/wp\/v2\/media?parent=8408"}],"wp:term":[{"taxonomy":"category","embeddable":true,"href":"https:\/\/inclusioaltemporda.cat\/portal\/wp-json\/wp\/v2\/categories?post=8408"},{"taxonomy":"post_tag","embeddable":true,"href":"https:\/\/inclusioaltemporda.cat\/portal\/wp-json\/wp\/v2\/tags?post=8408"}],"curies":[{"name":"wp","href":"https:\/\/api.w.org\/{rel}","templated":true}]}}