{"id":8423,"date":"2023-02-17T09:34:22","date_gmt":"2023-02-17T08:34:22","guid":{"rendered":"https:\/\/inclusioaltemporda.cat\/portal\/?p=8423"},"modified":"2023-02-21T09:29:22","modified_gmt":"2023-02-21T08:29:22","slug":"tret-de-sortida-al-microprojecte-transfronterer-propostes-per-a-millorar-les-politiques-dalfabetitzacio-de-persones-adultes-a-lespai-catala-transfronterer","status":"publish","type":"post","link":"https:\/\/inclusioaltemporda.cat\/portal\/tret-de-sortida-al-microprojecte-transfronterer-propostes-per-a-millorar-les-politiques-dalfabetitzacio-de-persones-adultes-a-lespai-catala-transfronterer\/","title":{"rendered":"Tret de sortida al microprojecte transfronterer \u00abPropostes per a millorar les pol\u00edtiques d\u2019alfabetitzaci\u00f3 de persones adultes a l\u2019Espai Catal\u00e0 Transfronterer\u00bb"},"content":{"rendered":"<p>L\u2019\u00e0rea de Benestar del Consell Comarcal de l\u2019Alt Empord\u00e0 est\u00e0 treballant en un nou projecte de cooperaci\u00f3 transfronterera orientat a facilitar el treball conjunt entre agents que desenvolupen accions d&#8217;alfabetitzaci\u00f3 de persones adultes a l\u2019Espai Catal\u00e0 Transfronterer. Aquest s\u2019est\u00e0 desenvolupant en partenariat amb l\u2019IRTS de Perpiny\u00e0.<\/p>\n<p>L\u2019objectiu del projecte \u00e9s el de promoure una xarxa de treball transfronterera en l&#8217;\u00e0mbit de les pol\u00edtiques d\u2019alfabetitzaci\u00f3 de persones adultes que faciliti un millor coneixement entre els agents institucionals i associatius implicats en aquest \u00e0mbit de les pol\u00edtiques p\u00fabliques educatives, i en relaci\u00f3 a les bones pr\u00e0ctiques desplegades en l&#8217;\u00e0mbit de la formaci\u00f3 i alfabetitzaci\u00f3 de persones adultes a l&#8217;Espai Catal\u00e0 Transfronterer.<\/p>\n<p>Dimarts passat es va dur a terme la primera sessi\u00f3 de treball conjunta entre les institucions i associacions participants d\u2019ambd\u00f3s costats de la frontera, que va comptar amb la participaci\u00f3 de 19 agents. Aquesta va centrar-se en a presentaci\u00f3 i coneixement dels participants que duen a terme accions en l\u2019\u00e0mbit d\u2019intervenci\u00f3 del projecte, i en la identificaci\u00f3 de necessitats i oportunitats de treball compartides.<\/p>\n<p>Els serveis i recursos catalans que participen en aquest projecte transfronterer s\u00f3n l\u2019equip d\u2019Inclusi\u00f3 i Atenci\u00f3 a la Comunitat del Consell Comarcal, el Centre de Formaci\u00f3 d\u2019adults Maria Verdaguer de Figueres, el Centre de Formaci\u00f3 d\u2019adults Els Tarongers de Matar\u00f3, l\u2019associaci\u00f3 ECCIT, ACEFIR, la Fundaci\u00f3 Sant Vicen\u00e7 de Pa\u00fcl i \u00d2mnium Cultural Alt Empord\u00e0.<\/p>\n<p>Els professionals francesos que participen en el projecte provenen de l\u2019Ecole de la 2\u00e8me Chance, GRETA-CFA, ASTI 66, AGIRabcd, CRIA66, CASNAV66, La Cimade, LOCO Compagnie, ACAL, Association Le Bol i Secoure Catholique.<\/p>\n<p>Ens els propers mesos est\u00e0 prevista la realitzaci\u00f3 d\u2019una seminari de treball professional sobre bones pr\u00e0ctiques i metodologies de treball innovadores en aquest \u00e0mbit de pol\u00edtica p\u00fablica educativa, aix\u00ed com una jornada final en qu\u00e8 es presentaran els resultats del projecte.<\/p>\n<p>Aquest projecte compta amb finan\u00e7ament de la convocat\u00f2ria de subvencions de l\u2019Eurodistricte que atorga la Generalitat de Catalunya i el Departament dels Pirineus Orientals.<\/p>\n","protected":false},"excerpt":{"rendered":"<p>El nou projecte facilitar\u00e0 el treball conjunt entre agents que que realitzen alfabetitzaci\u00f3 de persones adultes a l\u2019Espai Catal\u00e0 Transfronterer. <\/p>\n","protected":false},"author":2,"featured_media":8424,"comment_status":"closed","ping_status":"closed","sticky":false,"template":"","format":"standard","meta":{"footnotes":""},"categories":[106,100,107,104,1,12,102,111,115],"tags":[],"class_list":["post-8423","post","type-post","status-publish","format-standard","has-post-thumbnail","hentry","category-administracions","category-area-benestar","category-centres-recerca-universitats","category-entitats-socials","category-general","category-pla-dinclusio-2","category-professionals-ambit-social","category-projectes-internacionals","category-projectes-transfronterers","category-106","category-100","category-107","category-104","category-1","category-12","category-102","category-111","category-115","description-off"],"_links":{"self":[{"href":"https:\/\/inclusioaltemporda.cat\/portal\/wp-json\/wp\/v2\/posts\/8423","targetHints":{"allow":["GET"]}}],"collection":[{"href":"https:\/\/inclusioaltemporda.cat\/portal\/wp-json\/wp\/v2\/posts"}],"about":[{"href":"https:\/\/inclusioaltemporda.cat\/portal\/wp-json\/wp\/v2\/types\/post"}],"author":[{"embeddable":true,"href":"https:\/\/inclusioaltemporda.cat\/portal\/wp-json\/wp\/v2\/users\/2"}],"replies":[{"embeddable":true,"href":"https:\/\/inclusioaltemporda.cat\/portal\/wp-json\/wp\/v2\/comments?post=8423"}],"version-history":[{"count":4,"href":"https:\/\/inclusioaltemporda.cat\/portal\/wp-json\/wp\/v2\/posts\/8423\/revisions"}],"predecessor-version":[{"id":8428,"href":"https:\/\/inclusioaltemporda.cat\/portal\/wp-json\/wp\/v2\/posts\/8423\/revisions\/8428"}],"wp:featuredmedia":[{"embeddable":true,"href":"https:\/\/inclusioaltemporda.cat\/portal\/wp-json\/wp\/v2\/media\/8424"}],"wp:attachment":[{"href":"https:\/\/inclusioaltemporda.cat\/portal\/wp-json\/wp\/v2\/media?parent=8423"}],"wp:term":[{"taxonomy":"category","embeddable":true,"href":"https:\/\/inclusioaltemporda.cat\/portal\/wp-json\/wp\/v2\/categories?post=8423"},{"taxonomy":"post_tag","embeddable":true,"href":"https:\/\/inclusioaltemporda.cat\/portal\/wp-json\/wp\/v2\/tags?post=8423"}],"curies":[{"name":"wp","href":"https:\/\/api.w.org\/{rel}","templated":true}]}}