{"id":8432,"date":"2023-03-22T09:38:09","date_gmt":"2023-03-22T08:38:09","guid":{"rendered":"https:\/\/inclusioaltemporda.cat\/portal\/?p=8432"},"modified":"2023-03-22T09:39:33","modified_gmt":"2023-03-22T08:39:33","slug":"el-master-interuniversitari-de-politiques-socials-i-accio-comunitaria-visita-sant-pere-pescador","status":"publish","type":"post","link":"https:\/\/inclusioaltemporda.cat\/portal\/el-master-interuniversitari-de-politiques-socials-i-accio-comunitaria-visita-sant-pere-pescador\/","title":{"rendered":"El M\u00e0ster Interuniversitari de Pol\u00edtiques Socials i Acci\u00f3 Comunit\u00e0ria visita Sant Pere Pescador"},"content":{"rendered":"<p lang=\"ca-ES\">L\u2019\u00e0rea de Benestar del Consell Comarcal de l\u2019Alt Empord\u00e0 va acollir els passats 10 i 11 de mar\u00e7, a Sant Pere Pescador, dues sessions de treball amb l\u2019alumnat i professorat del <a href=\"https:\/\/www.uab.cat\/web\/estudiar\/l-oferta-de-masters-oficials\/informacio-general-1096480139517.html?param1=1345687201497\">M\u00e0ster Interuniversitari de Pol\u00edtiques Socials i Acci\u00f3 Comunit\u00e0ria<\/a>.<\/p>\n<p lang=\"ca-ES\">L\u2019objectiu de la trobada era con\u00e8ixer les pol\u00edtiques p\u00fabliques, programes i serveis que es despleguen a trav\u00e9s dels diversos equips de l\u2019\u00e0rea de Benestar, aix\u00ed com els projectes comunitaris a la comarca i al municipi de Sant Pere Pescador.<\/p>\n<p lang=\"ca-ES\">En la primera de les sessions, realitzada el divendres 10, es van presentar els diferents equips i serveis de l\u2019\u00e0rea de Benestar del Consell Comarcal i una breu introducci\u00f3 sobre el context social d\u2019intervenci\u00f3 que representa l\u2019\u00e0rea b\u00e0sica de serveis socials de l\u2019Alt Empord\u00e0. Posteriorment, l\u2019equip d\u2019acci\u00f3 comunit\u00e0ria va presentar el Programa de Millora Comunit\u00e0ria i Social de Sant Pere Pescador. Finalment, es van exposar els projectes de salut comunit\u00e0ria i empoderament de dones promoguts al poble, a c\u00e0rrec de l\u2019equip de mediaci\u00f3 i l\u2019associaci\u00f3 Amunt i Crits! Dones Referents.<\/p>\n<p lang=\"ca-ES\">El dissabte es va abordar la situaci\u00f3 de les persones treballadores temporeres de la campanya de poma, que t\u00e9 un impacte significatiu sobre les condicions socials de Sant Pere Pescador. La sessi\u00f3 va comptar amb la pres\u00e8ncia de l\u2019alcalde del municipi, que va guiar una passejada pel poble i hi van participar representants de l\u2019Ateneu Cooperatiu de les Terres Gironines, del Departament d\u2019Acci\u00f3 Clim\u00e0tica, del l\u2019Entitat Fruita amb Just\u00edcia Social de Lleida i persones treballadores del camp que tamb\u00e9 resideixen al municipi.<\/p>\n<p lang=\"ca-ES\">\n<p lang=\"ca-ES\"><img loading=\"lazy\" decoding=\"async\" class=\"wp-image-8436 alignleft\" src=\"https:\/\/inclusioaltemporda.cat\/portal\/wp-content\/uploads\/IMG-20230313-WA0010-300x225.jpg\" alt=\"\" width=\"468\" height=\"351\" srcset=\"https:\/\/inclusioaltemporda.cat\/portal\/wp-content\/uploads\/IMG-20230313-WA0010-300x225.jpg 300w, https:\/\/inclusioaltemporda.cat\/portal\/wp-content\/uploads\/IMG-20230313-WA0010-768x576.jpg 768w, https:\/\/inclusioaltemporda.cat\/portal\/wp-content\/uploads\/IMG-20230313-WA0010.jpg 1024w\" sizes=\"auto, (max-width: 468px) 100vw, 468px\" \/><img loading=\"lazy\" decoding=\"async\" class=\" wp-image-8437 alignleft\" src=\"https:\/\/inclusioaltemporda.cat\/portal\/wp-content\/uploads\/IMG-20230311-WA0009-300x225.jpg\" alt=\"\" width=\"471\" height=\"353\" srcset=\"https:\/\/inclusioaltemporda.cat\/portal\/wp-content\/uploads\/IMG-20230311-WA0009-300x225.jpg 300w, https:\/\/inclusioaltemporda.cat\/portal\/wp-content\/uploads\/IMG-20230311-WA0009-1024x768.jpg 1024w, https:\/\/inclusioaltemporda.cat\/portal\/wp-content\/uploads\/IMG-20230311-WA0009-768x576.jpg 768w, https:\/\/inclusioaltemporda.cat\/portal\/wp-content\/uploads\/IMG-20230311-WA0009-1536x1152.jpg 1536w, https:\/\/inclusioaltemporda.cat\/portal\/wp-content\/uploads\/IMG-20230311-WA0009.jpg 1600w\" sizes=\"auto, (max-width: 471px) 100vw, 471px\" \/><\/p>\n","protected":false},"excerpt":{"rendered":"<p>L\u2019objectiu de la trobada era con\u00e8ixer les pol\u00edtiques p\u00fabliques, programes i serveis que es despleguen a trav\u00e9s dels diversos equips de l\u2019\u00e0rea de Benestar, aix\u00ed com els projectes comunitaris a la comarca i al municipi de Sant Pere Pescador.<\/p>\n","protected":false},"author":2,"featured_media":8433,"comment_status":"closed","ping_status":"closed","sticky":false,"template":"","format":"standard","meta":{"footnotes":""},"categories":[100,107,1,12,102],"tags":[],"class_list":["post-8432","post","type-post","status-publish","format-standard","has-post-thumbnail","hentry","category-area-benestar","category-centres-recerca-universitats","category-general","category-pla-dinclusio-2","category-professionals-ambit-social","category-100","category-107","category-1","category-12","category-102","description-off"],"_links":{"self":[{"href":"https:\/\/inclusioaltemporda.cat\/portal\/wp-json\/wp\/v2\/posts\/8432","targetHints":{"allow":["GET"]}}],"collection":[{"href":"https:\/\/inclusioaltemporda.cat\/portal\/wp-json\/wp\/v2\/posts"}],"about":[{"href":"https:\/\/inclusioaltemporda.cat\/portal\/wp-json\/wp\/v2\/types\/post"}],"author":[{"embeddable":true,"href":"https:\/\/inclusioaltemporda.cat\/portal\/wp-json\/wp\/v2\/users\/2"}],"replies":[{"embeddable":true,"href":"https:\/\/inclusioaltemporda.cat\/portal\/wp-json\/wp\/v2\/comments?post=8432"}],"version-history":[{"count":3,"href":"https:\/\/inclusioaltemporda.cat\/portal\/wp-json\/wp\/v2\/posts\/8432\/revisions"}],"predecessor-version":[{"id":8439,"href":"https:\/\/inclusioaltemporda.cat\/portal\/wp-json\/wp\/v2\/posts\/8432\/revisions\/8439"}],"wp:featuredmedia":[{"embeddable":true,"href":"https:\/\/inclusioaltemporda.cat\/portal\/wp-json\/wp\/v2\/media\/8433"}],"wp:attachment":[{"href":"https:\/\/inclusioaltemporda.cat\/portal\/wp-json\/wp\/v2\/media?parent=8432"}],"wp:term":[{"taxonomy":"category","embeddable":true,"href":"https:\/\/inclusioaltemporda.cat\/portal\/wp-json\/wp\/v2\/categories?post=8432"},{"taxonomy":"post_tag","embeddable":true,"href":"https:\/\/inclusioaltemporda.cat\/portal\/wp-json\/wp\/v2\/tags?post=8432"}],"curies":[{"name":"wp","href":"https:\/\/api.w.org\/{rel}","templated":true}]}}