{"id":8446,"date":"2023-04-06T14:33:37","date_gmt":"2023-04-06T12:33:37","guid":{"rendered":"https:\/\/inclusioaltemporda.cat\/portal\/?p=8446"},"modified":"2023-04-26T08:53:16","modified_gmt":"2023-04-26T06:53:16","slug":"aprovat-el-pla-per-a-la-igualtat-de-genere-2023-2027-del-consell-comarcal-de-lalt-emporda","status":"publish","type":"post","link":"https:\/\/inclusioaltemporda.cat\/portal\/aprovat-el-pla-per-a-la-igualtat-de-genere-2023-2027-del-consell-comarcal-de-lalt-emporda\/","title":{"rendered":"Aprovat el Pla per a la Igualtat de G\u00e8nere 2023-2027 del Consell Comarcal de l\u2019Alt Empord\u00e0"},"content":{"rendered":"<p>El Consell Comarcal de l\u2019Alt Empord\u00e0, reunit en Ple a finals del mes de mar\u00e7, va decidir aprovar el Pla per a la Igualtat de G\u00e8nere 2023-2027. Aquest Pla, promogut per l\u2019\u00c0rea de Benestar del Consell Comarcal, dona continu\u00eftat al treball iniciat amb anterioritat en el per\u00edode 2016-2019.<\/p>\n<p>Aquest Pla per a la Igualtat de G\u00e8nere contempla 6 objectius estrat\u00e8gics:<\/p>\n<p>&#8211; Comprom\u00eds i acci\u00f3 comarcal per l\u2019equitat de g\u00e8nere.<br \/>\n&#8211; Millorar el treball en xarxa.<br \/>\n&#8211; Millorar els mecanismes per prevenir, detectar i erradicar la viol\u00e8ncia masclista a la comarca.<br \/>\n&#8211; Empoderar les dones i els homes en situaci\u00f3 de risc d\u2019exclusi\u00f3 social.<br \/>\n&#8211; Promoure treball comunitari i de sensibilitzaci\u00f3 per refor\u00e7ar les accions orientades a l\u2019equitat de g\u00e8nere.<br \/>\n&#8211; Garantir el dret a la igualtat i a la no-discriminaci\u00f3 per motius d\u2019orientaci\u00f3 sexual i identitat o expressi\u00f3 de g\u00e8nere, per garantir que es pugui viure la diversitat sexual i afectiva en llibertat.<\/p>\n<p>El\u00a0Pla per a la Igualtat de G\u00e8nere 2023-2027 cont\u00e9 una diagnosi de g\u00e8nere, que ha estat elaborada a partir d\u2019una an\u00e0lisi quantitativa que ha perm\u00e8s posar al dia les dades m\u00e9s rellevants de la comarca. Aquesta diagnosi es complementar\u00e0, al llarg del pr\u00f2xim mig any, amb una an\u00e0lisi qualitativa que s\u2019est\u00e0 duent a terme amb la finalitat de con\u00e8ixer millor la situaci\u00f3 de les dones a la comarca, que han passat per processos de vulnerabilitat i han estat v\u00edctimes de viol\u00e8ncia masclista.<\/p>\n<p>Podeu consultar el Pla d&#8217;Igualtat de g\u00e8nere en <a href=\"https:\/\/inclusioaltemporda.cat\/portal\/wp-content\/uploads\/Pla-Igualtat-Genere-Alt-Emporda-2023-2027.pdf\" target=\"_blank\" rel=\"noopener\">aquest enlla\u00e7<\/a>.<\/p>\n","protected":false},"excerpt":{"rendered":"<p>El Consell Comarcal de l\u2019Alt Empord\u00e0, reunit en Ple a finals del mes de mar\u00e7, va decidir aprovar el Pla per a la Igualtat de G\u00e8nere 2023-2027. Aquest Pla, promogut per l\u2019\u00c0rea de Benestar del Consell Comarcal, dona continu\u00eftat al treball iniciat amb anterioritat en el per\u00edode 2016-2019.<\/p>\n","protected":false},"author":2,"featured_media":8447,"comment_status":"closed","ping_status":"closed","sticky":false,"template":"","format":"standard","meta":{"footnotes":""},"categories":[106,100,1],"tags":[],"class_list":["post-8446","post","type-post","status-publish","format-standard","has-post-thumbnail","hentry","category-administracions","category-area-benestar","category-general","category-106","category-100","category-1","description-off"],"_links":{"self":[{"href":"https:\/\/inclusioaltemporda.cat\/portal\/wp-json\/wp\/v2\/posts\/8446","targetHints":{"allow":["GET"]}}],"collection":[{"href":"https:\/\/inclusioaltemporda.cat\/portal\/wp-json\/wp\/v2\/posts"}],"about":[{"href":"https:\/\/inclusioaltemporda.cat\/portal\/wp-json\/wp\/v2\/types\/post"}],"author":[{"embeddable":true,"href":"https:\/\/inclusioaltemporda.cat\/portal\/wp-json\/wp\/v2\/users\/2"}],"replies":[{"embeddable":true,"href":"https:\/\/inclusioaltemporda.cat\/portal\/wp-json\/wp\/v2\/comments?post=8446"}],"version-history":[{"count":3,"href":"https:\/\/inclusioaltemporda.cat\/portal\/wp-json\/wp\/v2\/posts\/8446\/revisions"}],"predecessor-version":[{"id":8467,"href":"https:\/\/inclusioaltemporda.cat\/portal\/wp-json\/wp\/v2\/posts\/8446\/revisions\/8467"}],"wp:featuredmedia":[{"embeddable":true,"href":"https:\/\/inclusioaltemporda.cat\/portal\/wp-json\/wp\/v2\/media\/8447"}],"wp:attachment":[{"href":"https:\/\/inclusioaltemporda.cat\/portal\/wp-json\/wp\/v2\/media?parent=8446"}],"wp:term":[{"taxonomy":"category","embeddable":true,"href":"https:\/\/inclusioaltemporda.cat\/portal\/wp-json\/wp\/v2\/categories?post=8446"},{"taxonomy":"post_tag","embeddable":true,"href":"https:\/\/inclusioaltemporda.cat\/portal\/wp-json\/wp\/v2\/tags?post=8446"}],"curies":[{"name":"wp","href":"https:\/\/api.w.org\/{rel}","templated":true}]}}