{"id":8461,"date":"2023-04-20T08:49:51","date_gmt":"2023-04-20T06:49:51","guid":{"rendered":"https:\/\/inclusioaltemporda.cat\/portal\/?p=8461"},"modified":"2023-04-20T08:50:13","modified_gmt":"2023-04-20T06:50:13","slug":"8461-2","status":"publish","type":"post","link":"https:\/\/inclusioaltemporda.cat\/portal\/8461-2\/","title":{"rendered":"Primer Iftar comunitari a Castell\u00f3 d&#8217;Emp\u00faries"},"content":{"rendered":"<div class=\"wpb-content-wrapper\"><p>[vc_row][vc_column][vc_column_text]<\/p>\n<p align=\"justify\"><span style=\"color: #000000;\"><span style=\"font-family: Open Sans, Helvetica, Arial, Verdana, sans-serif;\"><span style=\"font-size: small;\">El passat 15 d\u2019abril es va dur a terme el primer Iftar comunitari de Castell\u00f3 d\u2019Emp\u00faries per donar a con\u00e8ixer la festivitat del Ramad\u00e0 entre tots els ve\u00efns i ve\u00efnes i crear un espai de trobada i de coneixement mutu. <\/span><\/span><\/span><\/p>\n<p align=\"justify\"><span style=\"color: #000000;\"><span style=\"font-family: Open Sans, Helvetica, Arial, Verdana, sans-serif;\"><span style=\"font-size: small;\">Enguany la comunitat musulmana ha celebrat el Ramad\u00e0 el mes de mar\u00e7-abril corresponent al nov\u00e8 mes del calendari lunar isl\u00e0mic. Un mes en que es fa dejuni des de l\u2019alba fins a la posta de sol. De la tradici\u00f3 de reunir-se i fer un \u00e0pat col\u00b7lectiu per trencar el dejuni neix la voluntat de fer un iftar comunitari obert als ve\u00efns i ve\u00efnes que vulguessin formar-ne part. <\/span><\/span><\/span><\/p>\n<p align=\"justify\"><span style=\"color: #000000;\"><span style=\"font-family: Open Sans, Helvetica, Arial, Verdana, sans-serif;\"><span style=\"font-size: small;\">L\u2019acta es va iniciar amb una benvinguda per part de diferents representants organitzatius i col\u00b7laboradors de l\u2019iftar i la projecci\u00f3 d\u2019un v\u00eddeo breu fet per dones i joves del municipi sobre qu\u00e8 \u00e9s el Ramad\u00e0. Seguidament, es va compartir menjar t\u00edpic d\u2019aquest mes entre totes les persones assistents per posar fi al dejuni d\u2019aquest dia. Hi van participar 250 ve\u00efns i ve\u00efnes del municipi. <\/span><\/span><\/span><\/p>\n<p align=\"justify\"><span style=\"color: #000000;\"><span style=\"font-family: Open Sans, Helvetica, Arial, Verdana, sans-serif;\"><span style=\"font-size: small;\">L\u2019Iftar comunitari de Castell\u00f3 d\u2019Emp\u00faries ha estat organitzat pel grup estable Al-Am<\/span><\/span><span style=\"font-family: Open Sans, Helvetica, Arial, Verdana, sans-serif;\"><span style=\"font-size: small;\">a<\/span><\/span><span style=\"font-family: Open Sans, Helvetica, Arial, Verdana, sans-serif;\"><span style=\"font-size: small;\">l, dones de Castell\u00f3 amb la col\u00b7laboraci\u00f3 de l\u2019Ajuntament de Castell\u00f3 d\u2019Emp\u00faries, l\u2019Equip d\u2019Inclusi\u00f3 del Consell Comarcal de l\u2019Alt Empord\u00e0 i l\u2019associaci\u00f3 Amunt i Crits, dones referents comunit\u00e0ries de l\u2019Alt Empord\u00e0. <\/span><\/span><\/span><\/p>\n<p>[\/vc_column_text][\/vc_column][\/vc_row][vc_row][vc_column][vc_masonry_media_grid element_width=&#8221;6&#8243; grid_id=&#8221;vc_gid:1681973331339-e0bf8eec-3f11-10&#8243; include=&#8221;8459,8458,8457,8456&#8243;][\/vc_column][\/vc_row]<\/p>\n<\/div>","protected":false},"excerpt":{"rendered":"<p>El passat 15 d\u2019abril es va dur a terme el primer Iftar comunitari de Castell\u00f3 d\u2019Emp\u00faries per donar a con\u00e8ixer la festivitat del Ramad\u00e0 entre tots els ve\u00efns i ve\u00efnes i crear un espai de trobada i de coneixement mutu.<\/p>\n","protected":false},"author":2,"featured_media":8460,"comment_status":"closed","ping_status":"closed","sticky":false,"template":"","format":"standard","meta":{"footnotes":""},"categories":[33,100,101,1,12],"tags":[],"class_list":["post-8461","post","type-post","status-publish","format-standard","has-post-thumbnail","hentry","category-agenda","category-area-benestar","category-ciutadania","category-general","category-pla-dinclusio-2","category-33","category-100","category-101","category-1","category-12","description-off"],"_links":{"self":[{"href":"https:\/\/inclusioaltemporda.cat\/portal\/wp-json\/wp\/v2\/posts\/8461","targetHints":{"allow":["GET"]}}],"collection":[{"href":"https:\/\/inclusioaltemporda.cat\/portal\/wp-json\/wp\/v2\/posts"}],"about":[{"href":"https:\/\/inclusioaltemporda.cat\/portal\/wp-json\/wp\/v2\/types\/post"}],"author":[{"embeddable":true,"href":"https:\/\/inclusioaltemporda.cat\/portal\/wp-json\/wp\/v2\/users\/2"}],"replies":[{"embeddable":true,"href":"https:\/\/inclusioaltemporda.cat\/portal\/wp-json\/wp\/v2\/comments?post=8461"}],"version-history":[{"count":2,"href":"https:\/\/inclusioaltemporda.cat\/portal\/wp-json\/wp\/v2\/posts\/8461\/revisions"}],"predecessor-version":[{"id":8463,"href":"https:\/\/inclusioaltemporda.cat\/portal\/wp-json\/wp\/v2\/posts\/8461\/revisions\/8463"}],"wp:featuredmedia":[{"embeddable":true,"href":"https:\/\/inclusioaltemporda.cat\/portal\/wp-json\/wp\/v2\/media\/8460"}],"wp:attachment":[{"href":"https:\/\/inclusioaltemporda.cat\/portal\/wp-json\/wp\/v2\/media?parent=8461"}],"wp:term":[{"taxonomy":"category","embeddable":true,"href":"https:\/\/inclusioaltemporda.cat\/portal\/wp-json\/wp\/v2\/categories?post=8461"},{"taxonomy":"post_tag","embeddable":true,"href":"https:\/\/inclusioaltemporda.cat\/portal\/wp-json\/wp\/v2\/tags?post=8461"}],"curies":[{"name":"wp","href":"https:\/\/api.w.org\/{rel}","templated":true}]}}