{"id":8469,"date":"2023-05-12T11:38:43","date_gmt":"2023-05-12T09:38:43","guid":{"rendered":"https:\/\/inclusioaltemporda.cat\/portal\/?p=8469"},"modified":"2023-05-12T11:38:43","modified_gmt":"2023-05-12T09:38:43","slug":"jornada-final-del-microprojecte-transfronterer-sobre-lalfabetitzacio-de-persones-adultes","status":"publish","type":"post","link":"https:\/\/inclusioaltemporda.cat\/portal\/jornada-final-del-microprojecte-transfronterer-sobre-lalfabetitzacio-de-persones-adultes\/","title":{"rendered":"Jornada final del microprojecte transfronterer sobre l&#8217;alfabetitzaci\u00f3 de persones adultes"},"content":{"rendered":"<div class=\"wpb-content-wrapper\"><p>[vc_row][vc_column][vc_column_text]L\u2019\u00e0rea de Benestar del Consell Comarcal de l\u2019Alt Empord\u00e0 organitza el proper 5 de juny la jornada final del microprojecte transfronterer \u00ab<span lang=\"ca-ES\">Propostes per a millorar les pol\u00edtiques d\u2019alfabetitzaci\u00f3 de persones adultes a l\u2019Espai Catal\u00e0 Transfronterer<\/span>\u00bb.<\/p>\n<p align=\"justify\"><span lang=\"ca-ES\">En els darrers anys, l\u2019\u00e0rea de Benestar del Consell Comarcal de l\u2019Alt Empord\u00e0 <\/span><span lang=\"ca-ES\">ha <\/span><span lang=\"ca-ES\">promogut una l\u00ednia de treball en l\u2019\u00e0mbit de l\u2019alfabetitzaci\u00f3 en catal\u00e0 de persones adultes, que ha comptat amb la participaci\u00f3 de diferents agents p\u00fablics i privats, amb l\u2019objectiu de refor<\/span><span lang=\"ca-ES\">\u00e7a<\/span><span lang=\"ca-ES\">r estrat\u00e8gicament aquest <\/span><span lang=\"ca-ES\">\u00e0<\/span><span lang=\"ca-ES\">mbit de pol\u00edtica educativa a la comarca. <\/span><\/p>\n<p align=\"justify\">El coneixement adquirit en anteriors projectes de cooperaci\u00f3 transfronterera constaten la necessitat de refor\u00e7ar els dispositius orientats a millorar el coneixement de la llengua en ambd\u00f3s vessants de la frontera. El microprojecte que conclou en aquesta jornada ha volgut donar resposta a aquesta necessitat, que ha comptat amb el suport de la convocat\u00f2ria de subvencions Eurodistricte 2022 de la Casa de la Generalitat de Perpiny\u00e0.<\/p>\n<p align=\"justify\">La jornada tindr\u00e0 lloc el 5 de juny a La Jonquera. Durant aquesta jornada est\u00e0 previst compartir els principals resultats del proc\u00e9s de treball, aix\u00ed com aprofundir m\u00e9s en el coneixement del context actual de les pol\u00edtiques p\u00fabliques d\u2019alfabetitzaci\u00f3 de persones adultes a l\u2019Espai Catal\u00e0 Transfronterer, compartir experi\u00e8ncies i possibles l\u00ednies d\u2019actuaci\u00f3 futures.<\/p>\n<p align=\"justify\">Per a participar-hi \u00e9s necess\u00e0ria la inscripci\u00f3 pr\u00e8via mitjan\u00e7ant el seg\u00fcent <a href=\"https:\/\/docs.google.com\/forms\/d\/e\/1FAIpQLSfynDb2fT5m4bJDOhx25uHrcmqA3eEeudzE8DtBwjGXGVDyjw\/viewform?usp=sf_link\">formulari<\/a>. Les places s\u00f3n limitades segons ordre d\u2019inscripci\u00f3. El termini d\u2019inscripci\u00f3 finalitzar\u00e0 el proper 30 de maig. La sessi\u00f3 comptar\u00e0 amb servei de traducci\u00f3 simult\u00e0nia Franc\u00e8s-Catal\u00e0. Podeu descarregar-vos el programa de la jornada en <a href=\"https:\/\/inclusioaltemporda.cat\/portal\/wp-content\/uploads\/Programa-Jornada-final-microprojecte.pdf\" target=\"_blank\" rel=\"noopener\">aquest enlla\u00e7<\/a>.<\/p>\n<p>[\/vc_column_text][\/vc_column][\/vc_row][vc_row][vc_column][vc_media_grid element_width=&#8221;6&#8243; grid_id=&#8221;vc_gid:1683884305088-9cc14c60-acad-0&#8243; include=&#8221;8470,8472&#8243;][\/vc_column][\/vc_row]<\/p>\n<\/div>","protected":false},"excerpt":{"rendered":"<p>L\u2019\u00e0rea de Benestar del Consell Comarcal de l\u2019Alt Empord\u00e0 organitza el proper 5 de juny la jornada final del microprojecte transfronterer \u00abPropostes per a millorar les pol\u00edtiques d\u2019alfabetitzaci\u00f3 de persones adultes a l\u2019Espai Catal\u00e0 Transfronterer\u00bb.<\/p>\n","protected":false},"author":2,"featured_media":8471,"comment_status":"closed","ping_status":"closed","sticky":false,"template":"","format":"standard","meta":{"footnotes":""},"categories":[106,100,107,104,1,12,102,111,115],"tags":[],"class_list":["post-8469","post","type-post","status-publish","format-standard","has-post-thumbnail","hentry","category-administracions","category-area-benestar","category-centres-recerca-universitats","category-entitats-socials","category-general","category-pla-dinclusio-2","category-professionals-ambit-social","category-projectes-internacionals","category-projectes-transfronterers","category-106","category-100","category-107","category-104","category-1","category-12","category-102","category-111","category-115","description-off"],"_links":{"self":[{"href":"https:\/\/inclusioaltemporda.cat\/portal\/wp-json\/wp\/v2\/posts\/8469","targetHints":{"allow":["GET"]}}],"collection":[{"href":"https:\/\/inclusioaltemporda.cat\/portal\/wp-json\/wp\/v2\/posts"}],"about":[{"href":"https:\/\/inclusioaltemporda.cat\/portal\/wp-json\/wp\/v2\/types\/post"}],"author":[{"embeddable":true,"href":"https:\/\/inclusioaltemporda.cat\/portal\/wp-json\/wp\/v2\/users\/2"}],"replies":[{"embeddable":true,"href":"https:\/\/inclusioaltemporda.cat\/portal\/wp-json\/wp\/v2\/comments?post=8469"}],"version-history":[{"count":4,"href":"https:\/\/inclusioaltemporda.cat\/portal\/wp-json\/wp\/v2\/posts\/8469\/revisions"}],"predecessor-version":[{"id":8478,"href":"https:\/\/inclusioaltemporda.cat\/portal\/wp-json\/wp\/v2\/posts\/8469\/revisions\/8478"}],"wp:featuredmedia":[{"embeddable":true,"href":"https:\/\/inclusioaltemporda.cat\/portal\/wp-json\/wp\/v2\/media\/8471"}],"wp:attachment":[{"href":"https:\/\/inclusioaltemporda.cat\/portal\/wp-json\/wp\/v2\/media?parent=8469"}],"wp:term":[{"taxonomy":"category","embeddable":true,"href":"https:\/\/inclusioaltemporda.cat\/portal\/wp-json\/wp\/v2\/categories?post=8469"},{"taxonomy":"post_tag","embeddable":true,"href":"https:\/\/inclusioaltemporda.cat\/portal\/wp-json\/wp\/v2\/tags?post=8469"}],"curies":[{"name":"wp","href":"https:\/\/api.w.org\/{rel}","templated":true}]}}