{"id":8486,"date":"2023-06-07T12:38:02","date_gmt":"2023-06-07T10:38:02","guid":{"rendered":"https:\/\/inclusioaltemporda.cat\/portal\/?p=8486"},"modified":"2023-06-22T13:04:11","modified_gmt":"2023-06-22T11:04:11","slug":"tancament-del-microprojecte-transfronterer-sobre-alfabetitzacio-de-persones-adultes","status":"publish","type":"post","link":"https:\/\/inclusioaltemporda.cat\/portal\/tancament-del-microprojecte-transfronterer-sobre-alfabetitzacio-de-persones-adultes\/","title":{"rendered":"Tancament del microprojecte transfronterer sobre alfabetitzaci\u00f3 de persones adultes"},"content":{"rendered":"<div class=\"wpb-content-wrapper\"><p>[vc_row][vc_column][vc_column_text]<\/p>\n<p align=\"justify\"><span style=\"font-family: Calibri, sans-serif;\"><span style=\"font-size: medium;\"><span style=\"color: #404040;\">Aq<\/span><span style=\"color: #000000;\">uest dilluns 5 de juny s\u2019ha celebrat la jornada final del microprojecte transfronterer <strong>\u00abPropostes per a millorar les pol\u00edtiques d\u2019alfabetitzaci\u00f3 de persones adultes a l\u2019Espai Catal\u00e0 Transfronterer\u201d<\/strong> promogut per l\u2019\u00e0rea de Benestar del Consell Comarcal de l\u2019Alt Empord\u00e0, als Porxos de Can Laporta, a La Jonquera. <\/span><\/span><\/span><\/p>\n<p align=\"justify\"><span style=\"color: #000000;\"><span style=\"font-family: Calibri, sans-serif;\"><span style=\"font-size: medium;\">Aquest projecte ha propiciat la creaci\u00f3 d\u2019una xarxa de treball que ha posat en contacte 22 agents que desenvolupen accions d\u2019alfabetitzaci\u00f3 de persones adultes a l\u2019Espai Catal\u00e0 Transfronterer i ha centrat la seva activitat en generar un espai de coneixement, intercanvi i bones pr\u00e0ctiques. <\/span><\/span><\/span><\/p>\n<p align=\"justify\"><span style=\"color: #000000;\"><span style=\"font-family: Calibri, sans-serif;\"><span style=\"font-size: medium;\">Durant la jornada s\u2019han compartit els principals resultats del proc\u00e9s de Treball. L&#8217;activitat central de la jornada ha estat una taula rodona que ha comptat amb la participaci\u00f3 de<strong> C\u00e9cile Guillin<\/strong> (coordinadora PAL del GRETA-CFA als Prineus Orientals), <strong>Alice Doz<\/strong> (assistent a la Plataforma Ling\u00fc\u00edstica dels Pirineus Orientals al CRIA66), <strong>Magali Roitg<\/strong> (formadora i coordinadora FLE del CPH ACAL),<strong> Marina Casadevall<\/strong> (mestra d&#8217;educaci\u00f3 especial i cap d&#8217;estudis del CFA Maria Verdaguer), <strong>N\u00faria Aup\u00ed<\/strong> (responsable de l&#8217;\u00c0rea d&#8217;Educaci\u00f3 de l&#8217;Ajuntament de Palafrugell) i <strong>Muna Baldeh<\/strong> (participant en cursos d&#8217;alfabetitzaci\u00f3), i ha estat moderada pel periodista <strong>Ivan \u00c1lvarez<\/strong>. Durant la taula rodona s\u2019ha aprofundit en el coneixement del context actual de les pol\u00edtiques p\u00fabliques d\u2019alfabetitzaci\u00f3 de persones adultes a l\u2019Espai Catal\u00e0 Transfronterer, compartint experi\u00e8ncies i possibles l\u00ednies d\u2019actuaci\u00f3 futures.<\/span><\/span><\/span><\/p>\n<p align=\"justify\"><span style=\"color: #000000;\"><span style=\"font-family: Calibri, sans-serif;\"><span style=\"font-size: medium;\"> El proc\u00e9s de treball i les conclusions d\u2019aquest projecte queden recollides en un document en catal\u00e0 i franc\u00e8s que est\u00e0 disponible ens els seg\u00fcents enlla\u00e7os:<\/span><\/span><\/span><\/p>\n<p align=\"justify\"><span style=\"color: #000000;\"><span style=\"font-family: Calibri, sans-serif;\"><span style=\"font-size: medium;\"><a href=\"https:\/\/inclusioaltemporda.cat\/portal\/wp-content\/uploads\/SintesiEurodistricte23CAT.pdf\">. Versi\u00f3 en catal\u00e0<\/a><\/span><\/span><\/span><\/p>\n<p align=\"justify\"><span style=\"color: #000000;\"><span style=\"font-family: Calibri, sans-serif;\"><span style=\"font-size: medium;\"><a href=\"https:\/\/inclusioaltemporda.cat\/portal\/wp-content\/uploads\/SintesiEurodistricte23FR.pdf\">. Versi\u00f3 en franc\u00e8s<\/a><\/span><\/span><\/span><\/p>\n<p align=\"justify\"><span style=\"color: #000000;\"><span style=\"font-family: Calibri, sans-serif;\"><span style=\"font-size: medium;\">El projecte ha comptat amb el <\/span><\/span><span style=\"font-family: Open Sans, Helvetica, Arial, Verdana, sans-serif;\"><span style=\"font-size: small;\">finan\u00e7ament de la convocat\u00f2ria de subvencions de l\u2019Eurodistricte que atorga la Generalitat de Catalunya i el Departament dels Pirineus Orientals i s\u2019ha desenvolupat entre el setembre del 2022 i el mes de juny d\u2019aquest 2023.<\/span><\/span><\/span><\/p>\n<p>[\/vc_column_text][\/vc_column][\/vc_row][vc_row][vc_column][vc_video link=&#8221;https:\/\/youtu.be\/muhaVtTuH3Y&#8221; align=&#8221;center&#8221;][\/vc_column][\/vc_row]<\/p>\n<\/div>","protected":false},"excerpt":{"rendered":"<p>Aquest projecte ha propiciat la creaci\u00f3 d\u2019una xarxa de treball que ha posat en contacte 22 agents que desenvolupen accions d\u2019alfabetitzaci\u00f3 de persones adultes a l\u2019Espai Catal\u00e0 Transfronterer i ha centrat la seva activitat en generar un espai de coneixement, intercanvi i bones pr\u00e0ctiques.<\/p>\n","protected":false},"author":2,"featured_media":8485,"comment_status":"closed","ping_status":"closed","sticky":false,"template":"","format":"standard","meta":{"footnotes":""},"categories":[106,100,104,1,12,102,111,115,11],"tags":[],"class_list":["post-8486","post","type-post","status-publish","format-standard","has-post-thumbnail","hentry","category-administracions","category-area-benestar","category-entitats-socials","category-general","category-pla-dinclusio-2","category-professionals-ambit-social","category-projectes-internacionals","category-projectes-transfronterers","category-taula-inclusio","category-106","category-100","category-104","category-1","category-12","category-102","category-111","category-115","category-11","description-off"],"_links":{"self":[{"href":"https:\/\/inclusioaltemporda.cat\/portal\/wp-json\/wp\/v2\/posts\/8486","targetHints":{"allow":["GET"]}}],"collection":[{"href":"https:\/\/inclusioaltemporda.cat\/portal\/wp-json\/wp\/v2\/posts"}],"about":[{"href":"https:\/\/inclusioaltemporda.cat\/portal\/wp-json\/wp\/v2\/types\/post"}],"author":[{"embeddable":true,"href":"https:\/\/inclusioaltemporda.cat\/portal\/wp-json\/wp\/v2\/users\/2"}],"replies":[{"embeddable":true,"href":"https:\/\/inclusioaltemporda.cat\/portal\/wp-json\/wp\/v2\/comments?post=8486"}],"version-history":[{"count":3,"href":"https:\/\/inclusioaltemporda.cat\/portal\/wp-json\/wp\/v2\/posts\/8486\/revisions"}],"predecessor-version":[{"id":8525,"href":"https:\/\/inclusioaltemporda.cat\/portal\/wp-json\/wp\/v2\/posts\/8486\/revisions\/8525"}],"wp:featuredmedia":[{"embeddable":true,"href":"https:\/\/inclusioaltemporda.cat\/portal\/wp-json\/wp\/v2\/media\/8485"}],"wp:attachment":[{"href":"https:\/\/inclusioaltemporda.cat\/portal\/wp-json\/wp\/v2\/media?parent=8486"}],"wp:term":[{"taxonomy":"category","embeddable":true,"href":"https:\/\/inclusioaltemporda.cat\/portal\/wp-json\/wp\/v2\/categories?post=8486"},{"taxonomy":"post_tag","embeddable":true,"href":"https:\/\/inclusioaltemporda.cat\/portal\/wp-json\/wp\/v2\/tags?post=8486"}],"curies":[{"name":"wp","href":"https:\/\/api.w.org\/{rel}","templated":true}]}}