{"id":8492,"date":"2023-06-13T08:25:21","date_gmt":"2023-06-13T06:25:21","guid":{"rendered":"https:\/\/inclusioaltemporda.cat\/portal\/?p=8492"},"modified":"2023-06-13T08:29:25","modified_gmt":"2023-06-13T06:29:25","slug":"la-taula-comarcal-contra-maltractaments-a-les-persones-grans-de-lalt-emporda-promou-accions-de-sensibilitzacio-amb-motiu-del-dia-mundial","status":"publish","type":"post","link":"https:\/\/inclusioaltemporda.cat\/portal\/la-taula-comarcal-contra-maltractaments-a-les-persones-grans-de-lalt-emporda-promou-accions-de-sensibilitzacio-amb-motiu-del-dia-mundial\/","title":{"rendered":"La Taula Comarcal contra Maltractaments a les Persones Grans de l\u2019Alt Empord\u00e0 promou accions de sensibilitzaci\u00f3 amb motiu del Dia Mundial"},"content":{"rendered":"<div class=\"wpb-content-wrapper\"><p>[vc_row][vc_column][vc_column_text]La Taula Comarcal contra Maltractaments a les Persones Grans de l\u2019Alt Empord\u00e0, encap\u00e7alada per la <a href=\"https:\/\/www.salutemporda.cat\/\">Fundaci\u00f3 Salut Empord\u00e0 (FSE)<\/a>, el <a href=\"https:\/\/www.altemporda.org\/portal\/\">Consell Comarcal de l\u2019Alt Empord\u00e0<\/a> i l\u2019<a href=\"https:\/\/www.figueres.cat\/\">Ajuntament de Figueres<\/a>, ha organitzat, per segon any consecutiu, un seguit d\u2019accions de sensibilitzaci\u00f3 amb motiu del Dia Mundial de la Presa de Consci\u00e8ncia sobre l\u2019Ab\u00fas i el Maltractament a les Persones Grans (el 15 de juny). L\u2019objectiu \u00e9s convidar la ciutadania a fer una reflexi\u00f3 sobre un drama social que, sovint, passa desapercebut.<\/p>\n<p>El 13 de juny, tindr\u00e0 lloc al Col\u00b7legi de l\u2019Advocacia de Figueres la sessi\u00f3 formativa \u201cContra el maltractament a les persones grans\u201d. L\u2019acte s\u2019estructura en dues parts. Primer, es far\u00e0 la presentaci\u00f3 de la Taula Comarcal contra Maltractaments a les Persones, amb el t\u00edtol \u201cL\u2019abordatge dels maltractaments des de la seva complexitat\u201d, a c\u00e0rrec de Jordi Mu\u00f1oz, lletrat del Col\u00b7legi de l\u2019Advocacia de Barcelona i membre de l\u2019Associaci\u00f3 per a la Investigaci\u00f3 dels Maltractaments (EIMA). Tot seguit, una taula titulada \u201cConversa amb&#8230;\u201d reunir\u00e0 representants del m\u00f3n de la just\u00edcia i dues professionals vinculades al treball social i la psicologia, per parlar sobre la intervenci\u00f3 des de l\u2019\u00e0mbit civil i penal en els casos de maltractaments a les persones grans.<\/p>\n<p>El mateix dia 13, s\u2019ha organitzat la xerrada \u201cL\u2019edat cau b\u00e9. La gent gran \u00e9s el futur. Transformant la mirada social de la vellesa\u201d, a c\u00e0rrec d\u2019Anna Freixas, psic\u00f2loga, escriptora i autora de \u201cYo, vieja\u201d. L\u2019acte \u00e9s obert a tothom i tindr\u00e0 lloc al Cercle Sport de Figueres, a les 19.00 h.<\/p>\n<p>El 14 de juny, se celebrar\u00e0 el plenari anual de la Taula Comarcal contra Maltractaments a les Persones Grans, a la Sala d\u2019Actes de l\u2019Hospital de Figueres. En la sessi\u00f3, les tres comissions que integren la Taula donaran compte de les accions que han portat a terme al llarg del darrer any i exposaran, amb dades, quina \u00e9s la situaci\u00f3 actual en cadascun dels seus \u00e0mbits. La Taula est\u00e0 formada per una trentena de representants procedents de diferents sectors del territori: social, de salut, educatiu, policial, jur\u00eddic o associatiu, agrupats en tres comissions de treball per tal d\u2019abordar la problem\u00e0tica dels maltractaments a la gent gran des de diferents perspectives. Aix\u00ed, es treballa en la Comissi\u00f3 de Sensibilitzaci\u00f3 i Formaci\u00f3, dedicada a fer una tasca intergeneracional de prevenci\u00f3 a partir del paper clau dels centres educatius, a incidir contra l\u2019edatisme i a apoderar les persones grans sobre els seus drets. Tamb\u00e9 hi ha la Comissi\u00f3 de Resid\u00e8nciesi Centres de Dia, que s\u2019ocupa d\u2019elaborar propostes de millora, sobretot tenint en compte l\u2019atenci\u00f3 centrada en la persona. I, finalment, hi ha la Comissi\u00f3 de Suport a Casos Complexos de Maltractaments a la Gent Gran, que assessora i acompanya els professionals que treballen en casos de maltractament a les persones grans i que, per la complexitat de la situaci\u00f3, requereixen d\u2019una ajuda.<\/p>\n<p>Per al 15 de juny, data de la commemoraci\u00f3 del Dia Mundial de la Presa de Consci\u00e8ncia sobre l\u2019Ab\u00fas i el Maltractament a les Persones Grans, s\u2019ha organitzat l\u2019activitat \u201cCaminem pels drets de les persones grans\u201d en diferents municipis de la comarca: Figueres (pla\u00e7a de l\u2019Ajuntament), Castell\u00f3 d\u2019Emp\u00faries (pavell\u00f3), la Jonquera (La Societat), Llan\u00e7\u00e0 (platja del Port) i Peralada (Centre). L\u2019hora d\u2019inici de les caminades \u00e9s a les 9 del mat\u00ed a totes les poblacions i no cal inscripci\u00f3. Es recomana als participants portar samarreta blanca.<\/p>\n<p>\u201cAquest any es preveu una gran aflu\u00e8ncia de participants a les caminades, perqu\u00e8 s\u2019ha fet un treball col\u00b7laboratiu amb les entitats de tots els pobles. En aquesta iniciativa oberta a tothom tamb\u00e9 s\u2019hi han sumat nombrosos centres educatius de la comarca\u201d, han explicat Gl\u00f2ria Pla, psic\u00f2loga i responsable de l\u2019equip d\u2019Atenci\u00f3 a les Fam\u00edlies i Envelliment Saludable del Consell Comarcal, i Sandra Devesa, coordinadora de la Unitat de Treball Social de la FSE.<\/p>\n<p>&nbsp;<\/p>\n<p><strong>Intervenci\u00f3 preventiva i comunit\u00e0ria<\/strong><br \/>\nEl mateix dia 15, Gl\u00f2ria Pla i Sandra Devesa presentaran la Taula Comarcal de l\u2019Alt Empord\u00e0 a la V Jornada del Dia Mundial, amb la pon\u00e8ncia \u201cUna proposta d\u2019intervenci\u00f3 preventiva i comunit\u00e0ria contra els maltractaments a les persones grans\u201d. La jornada se celebra al Palau Macaya de Barcelona, amb l\u2019objectiu de fer visible la problem\u00e0tica del maltractament, conscienciant i sensibilitzant la societat. L\u2019obertura anir\u00e0 a c\u00e0rrec de la s\u00edndica de greuges de Catalunya, Esther Gim\u00e9nez-Salinas, i, a part de Sandra Devesa i Gl\u00f2ria Pla, tamb\u00e9 intervindran Javier Yanguas, doctor en Psicologia i director Cient\u00edfic del Programa de Gent Gran de la Fundaci\u00f3 \u201cLa Caixa\u201d; Vicente P\u00e9rez, director de la Confederaci\u00f3n Estatal de Mayores Activos, i Olalla Mont\u00f3n, coordinadora t\u00e8cnica del Pla Social i Sanitari del Consorci Sanitari de Barcelona.<\/p>\n<p>El programa d\u2019actes es complementa amb la represa de representacions de l\u2019obra de teatre cient\u00edfic \u201cEl llegat. Tothom vol viure molt de temps, per\u00f2 ning\u00fa vol ser vell\u201d, un muntatge que t\u00e9 per objectiu crear xarxa amb la societat per trencar prejudicis i estereotips que envolten l\u2019envelliment i fer arribar aquest missatge de conscienciaci\u00f3 a tota la poblaci\u00f3. Es podr\u00e0 veure en diferents municipis, dos dels quals s\u00f3n a l\u2019Alt Empord\u00e0: el 18 de juny, a Agullana, a les 19.00 h, i el 24 de juny, a Pedret i Marz\u00e0, a les 20.00 h, i tamb\u00e9 a Platja d\u2019Aro i Blanes.<\/p>\n<p>Aquest conjunt d\u2019iniciatives es desenvolupa en el marc de l\u2019operaci\u00f3 5 &#8220;Ecosistema Innovador Social i Sanitari a l&#8217;Alt Empord\u00e0 (EMISSE-Project)&#8221; del PECT \u201cGirona Innovaci\u00f3 social i digital\u201d.[\/vc_column_text][\/vc_column][\/vc_row][vc_row][vc_column][vc_masonry_media_grid element_width=&#8221;6&#8243; grid_id=&#8221;vc_gid:1686637412807-979db376-89cc-3&#8243; include=&#8221;8496,8493,8495&#8243;][\/vc_column][\/vc_row]<\/p>\n<\/div>","protected":false},"excerpt":{"rendered":"<p> L\u2019objectiu de les activitats programades \u00e9s convidar la ciutadania a fer una reflexi\u00f3 sobre un drama social que, sovint, passa desapercebut.<\/p>\n","protected":false},"author":2,"featured_media":8497,"comment_status":"closed","ping_status":"closed","sticky":false,"template":"","format":"standard","meta":{"footnotes":""},"categories":[106,100,101,128,1,102],"tags":[],"class_list":["post-8492","post","type-post","status-publish","format-standard","has-post-thumbnail","hentry","category-administracions","category-area-benestar","category-ciutadania","category-envelliment-actiu","category-general","category-professionals-ambit-social","category-106","category-100","category-101","category-128","category-1","category-102","description-off"],"_links":{"self":[{"href":"https:\/\/inclusioaltemporda.cat\/portal\/wp-json\/wp\/v2\/posts\/8492","targetHints":{"allow":["GET"]}}],"collection":[{"href":"https:\/\/inclusioaltemporda.cat\/portal\/wp-json\/wp\/v2\/posts"}],"about":[{"href":"https:\/\/inclusioaltemporda.cat\/portal\/wp-json\/wp\/v2\/types\/post"}],"author":[{"embeddable":true,"href":"https:\/\/inclusioaltemporda.cat\/portal\/wp-json\/wp\/v2\/users\/2"}],"replies":[{"embeddable":true,"href":"https:\/\/inclusioaltemporda.cat\/portal\/wp-json\/wp\/v2\/comments?post=8492"}],"version-history":[{"count":3,"href":"https:\/\/inclusioaltemporda.cat\/portal\/wp-json\/wp\/v2\/posts\/8492\/revisions"}],"predecessor-version":[{"id":8500,"href":"https:\/\/inclusioaltemporda.cat\/portal\/wp-json\/wp\/v2\/posts\/8492\/revisions\/8500"}],"wp:featuredmedia":[{"embeddable":true,"href":"https:\/\/inclusioaltemporda.cat\/portal\/wp-json\/wp\/v2\/media\/8497"}],"wp:attachment":[{"href":"https:\/\/inclusioaltemporda.cat\/portal\/wp-json\/wp\/v2\/media?parent=8492"}],"wp:term":[{"taxonomy":"category","embeddable":true,"href":"https:\/\/inclusioaltemporda.cat\/portal\/wp-json\/wp\/v2\/categories?post=8492"},{"taxonomy":"post_tag","embeddable":true,"href":"https:\/\/inclusioaltemporda.cat\/portal\/wp-json\/wp\/v2\/tags?post=8492"}],"curies":[{"name":"wp","href":"https:\/\/api.w.org\/{rel}","templated":true}]}}