{"id":8503,"date":"2023-06-19T08:40:09","date_gmt":"2023-06-19T06:40:09","guid":{"rendered":"https:\/\/inclusioaltemporda.cat\/portal\/?p=8503"},"modified":"2023-06-19T09:04:06","modified_gmt":"2023-06-19T07:04:06","slug":"larea-de-benestar-assisteix-al-congres-de-laccio-social-inclusio-cat","status":"publish","type":"post","link":"https:\/\/inclusioaltemporda.cat\/portal\/larea-de-benestar-assisteix-al-congres-de-laccio-social-inclusio-cat\/","title":{"rendered":"L\u2019\u00c0rea de Benestar participa al Congr\u00e9s de l\u2019Acci\u00f3 Social \u2013 Inclusi\u00f3.cat"},"content":{"rendered":"<div class=\"wpb-content-wrapper\"><p>[vc_row][vc_column][vc_column_text]<\/p>\n<p align=\"justify\"><span style=\"color: #000000;\"><span style=\"font-family: Calibri, sans-serif;\"><span style=\"font-size: small;\">El passat 8 i 9 de juny es va celebrar el IV Congr\u00e9s de l\u2019Acci\u00f3 Social-<\/span><\/span><\/span><span style=\"color: #000000;\"><span style=\"font-family: Calibri, sans-serif;\"><span style=\"font-size: small;\">I<\/span><\/span><\/span><span style=\"color: #000000;\"><span style=\"font-family: Calibri, sans-serif;\"><span style=\"font-size: small;\">nclusi\u00f3.cat <\/span><\/span><\/span><span style=\"color: #000000;\"><span style=\"font-family: Calibri, sans-serif;\"><span style=\"font-size: small;\">al Centre d\u2019Arts esc\u00e8niques d\u2019Osona, Vic. El congr\u00e9s bianual, organitzat pel <\/span><\/span><\/span><span style=\"color: #000000;\"><span style=\"font-family: Calibri, sans-serif;\"><span style=\"font-size: small;\">Departament de Drets Socials i la Universitat de Vic, <\/span><\/span><\/span><span style=\"color: #000000;\"><span style=\"font-family: Calibri, sans-serif;\"><span style=\"font-size: small;\">ofereix un espai d\u2019aprenentatge, debat i reflexi\u00f3 entorn una tem\u00e0tica concreta. Enguany, la proposta ha estat aprofundir sobre Serveis Socials, transversalitat i inclusi\u00f3 social. <\/span><\/span><\/span><\/p>\n<p align=\"justify\"><span style=\"color: #000000;\"><span style=\"font-family: Calibri, sans-serif;\"><span style=\"font-size: small;\">E<\/span><\/span><\/span><span style=\"color: #000000;\"><span style=\"font-family: Calibri, sans-serif;\"><span style=\"font-size: small;\">n el marc del congr\u00e9s, l\u2019Equip d\u2019Inclusi\u00f3 i Atenci\u00f3 a la Comunitat de l\u2019\u00c0rea de Benestar del Consell Comarcal ha participat amb tres p\u00f2ster-resums i una comunicaci\u00f3. <\/span><\/span><\/span><\/p>\n<p align=\"justify\"><span style=\"color: #000000;\"><span style=\"font-family: Calibri, sans-serif;\"><span style=\"font-size: small;\">En primer lloc, es va tenir la oportunitat de presentar en format p\u00f2ster-resums <\/span><\/span><\/span><span style=\"color: #000000;\"><span style=\"font-family: Calibri, sans-serif;\"><span style=\"font-size: small;\">l\u2019espai de treball en xarxa de la <a href=\"https:\/\/inclusioaltemporda.cat\/portal\/wp-content\/uploads\/5906510.pdf\">Taula de Salut Comunit\u00e0ria de Sant Pere Pescador<\/a>. <\/span><\/span><\/span><span style=\"color: #000000;\"><span style=\"font-family: Calibri, sans-serif;\"><span style=\"font-size: small;\">\u00a0Aquesta taula, formada per diferents actius del territori, vol incidir, des d\u2019una mirada preventiva i comunit\u00e0ria, en la millora de la salut f\u00edsica, emocional i relacional dels ve\u00efns i ve\u00efnes del municipi. <\/span><\/span><\/span><\/p>\n<p align=\"justify\"><span style=\"color: #000000;\"><span style=\"font-family: Calibri, sans-serif;\"><span style=\"font-size: small;\">U<\/span><\/span><\/span><span style=\"color: #000000;\"><span style=\"font-family: Calibri, sans-serif;\"><span style=\"font-size: small;\">na de les actuacions que <\/span><\/span><\/span><span style=\"color: #000000;\"><span style=\"font-family: Calibri, sans-serif;\"><span style=\"font-size: small;\">desenvolupades a partir de<\/span><\/span><\/span><span style=\"color: #000000;\"><span style=\"font-family: Calibri, sans-serif;\"><span style=\"font-size: small;\"> de la Taula de Salut Comunit\u00e0ria \u00e9s el <a href=\"https:\/\/inclusioaltemporda.cat\/portal\/wp-content\/uploads\/5906529.pdf\">Punt d&#8217;Atenci\u00f3 a les persones temporeres<\/a> del municipi <\/span><\/span><\/span><span style=\"color: #000000;\"><span style=\"font-family: Calibri, sans-serif;\"><span style=\"font-size: small;\">que tamb\u00e9 es va poder presentar en format p\u00f2ster-resum. Aquest <\/span><\/span><\/span><span style=\"color: #000000;\"><span style=\"font-family: Calibri, sans-serif;\"><span style=\"font-size: small;\">dispositiu<\/span><\/span><\/span> <span style=\"color: #000000;\"><span style=\"font-family: Calibri, sans-serif;\"><span style=\"font-size: small;\">format<\/span><\/span><\/span><span style=\"color: #000000;\"><span style=\"font-family: Calibri, sans-serif;\"><span style=\"font-size: small;\"> per diferents serveis p\u00fablics del municipi treballa des del 2020 per impulsar accions comunit\u00e0ries <\/span><\/span><\/span><span style=\"color: #000000;\"><span style=\"font-family: Calibri, sans-serif;\"><span style=\"font-size: small;\">que reforcin l\u2019acollida a les persones temporeres i visibilitzin<\/span><\/span><\/span><span style=\"color: #000000;\"><span style=\"font-family: Calibri, sans-serif;\"><span style=\"font-size: small;\"> la situaci\u00f3 social <\/span><\/span><\/span><span style=\"color: #000000;\"><span style=\"font-family: Calibri, sans-serif;\"><span style=\"font-size: small;\">d\u2019aquestes<\/span><\/span><\/span><span style=\"color: #000000;\"><span style=\"font-family: Calibri, sans-serif;\"><span style=\"font-size: small;\">. <\/span><\/span><\/span><\/p>\n<p align=\"justify\"><span style=\"color: #000000;\"><span style=\"font-family: Calibri, sans-serif;\"><span style=\"font-size: small;\">El en marc del <\/span><\/span><\/span><span style=\"color: #000000;\"><span style=\"font-family: Calibri, sans-serif;\"><span style=\"font-size: small;\">congr\u00e9s, <\/span><\/span><\/span> <span style=\"color: #000000;\"><span style=\"font-family: Calibri, sans-serif;\"><span style=\"font-size: small;\">tamb\u00e9 es va presentar el<\/span><\/span><\/span><span style=\"color: #000000;\"><span style=\"font-family: Calibri, sans-serif;\"><span style=\"font-size: small;\"> p\u00f2ster-resum <\/span><\/span><\/span><span style=\"color: #000000;\"><span style=\"font-family: Calibri, sans-serif;\"><span style=\"font-size: small;\">del projecte <a href=\"https:\/\/inclusioaltemporda.cat\/portal\/wp-content\/uploads\/5906480.pdf\">E-tr\u00e0mits, Facilitant la interacci\u00f3 professional i l&#8217;accessibilitat per a la ciutadania<\/a>. <\/span><\/span><\/span><span style=\"color: #000000;\"><span style=\"font-family: Calibri, sans-serif;\"><span style=\"font-size: small;\">A<\/span><\/span><\/span><span style=\"color: #000000;\"><span style=\"font-family: Calibri, sans-serif;\"><span style=\"font-size: small;\">quest portal web, adre\u00e7at tant a la ciutadania com a professionals, t\u00e9 com a objectiu aglutinar en una \u00fanica plataforma diversos tr\u00e0mits i gestions en l\u00ednia recurrents d\u2019una forma clara i senzilla per tal de reduir la bretxa digital i afavorir l\u2019autonomia. Per la construcci\u00f3 dels continguts d\u2019aquesta plataforma, s\u2019ha generat un espai col\u00b7laboratiu i viu amb diferents serveis i departaments per tal de con\u00e8ixer els tr\u00e0mits i procediments m\u00e9s freq\u00fcents. <\/span><\/span><\/span><\/p>\n<p align=\"justify\"><span style=\"color: #000000;\"><span style=\"font-family: Calibri, sans-serif;\"><span style=\"font-size: small;\">Aquests p\u00f2sters-resums, van estar exposats els dos dies del Congr\u00e9s i es va generar un espai, dins el programa, per poder compartir i establir di\u00e0leg amb les diferents propostes. <\/span><\/span><\/span><\/p>\n<p align=\"justify\"><span style=\"color: #000000;\"><span style=\"font-family: Calibri, sans-serif;\"><span style=\"font-size: small;\">En segon lloc, es va presentar la comunicaci\u00f3 <a href=\"https:\/\/inclusioaltemporda.cat\/portal\/wp-content\/uploads\/comunicacio-accio-comunitaria-interseccional.pdf\">&#8220;Acci\u00f3 Comunit\u00e0ria Interseccional &#8211; Co-Creaci\u00f3 Programa amb dones d&#8217;origen migrat&#8221; <\/a><\/span><\/span><\/span><span style=\"color: #000000;\"><span style=\"font-family: Calibri, sans-serif;\"><span style=\"font-size: small;\">juntament amb l\u2019Associaci\u00f3 Amunt i Crits, Dones Referents Comunit\u00e0ries de l\u2019Alt Empord\u00e0. A trav\u00e9s d\u2019aquesta presentaci\u00f3 es va compartir la l\u00ednia d\u2019intervenci\u00f3 d\u2019Acci\u00f3 Comunit\u00e0ria adre\u00e7ada a dones d\u2019origen migrat que s\u2019ha estat desenvolupant als darrers quatre anys en el marc del Pla Local d\u2019Acci\u00f3 Comunit\u00e0ria i Inclusi\u00f3 (PLACI). Aquesta l\u00ednia d\u2019intervenci\u00f3 s\u2019ha desplegat a dos municipis de la comarca a trav\u00e9s d<\/span><\/span><\/span><span style=\"color: #000000;\"><span style=\"font-family: Calibri, sans-serif;\"><span style=\"font-size: small;\">el <\/span><\/span><\/span><span style=\"color: #000000;\"><span style=\"font-family: Calibri, sans-serif;\"><span style=\"font-size: small;\">programa Habiba, dones i Salut Comunit\u00e0ria de l\u2019A<\/span><\/span><\/span><span style=\"color: #000000;\"><span style=\"font-family: Calibri, sans-serif;\"><span style=\"font-size: small;\">l<\/span><\/span><\/span><span style=\"color: #000000;\"><span style=\"font-family: Calibri, sans-serif;\"><span style=\"font-size: small;\">t Empord\u00e0 <\/span><\/span><\/span><span style=\"color: #000000;\"><span style=\"font-family: Calibri, sans-serif;\"><span style=\"font-size: small;\">a Sant Pere Pescador i el projecte de <\/span><\/span><\/span><span style=\"color: #000000;\"><span style=\"font-family: Calibri, sans-serif;\"><span style=\"font-size: small;\">diversitat intercultural fam\u00edlies i centres educatius <\/span><\/span><\/span><span style=\"color: #000000;\"><span style=\"font-family: Calibri, sans-serif;\"><span style=\"font-size: small;\">a Castell\u00f3 d\u2019Emp\u00faries. Amb<\/span><\/span><\/span><span style=\"color: #000000;\"><span style=\"font-family: Calibri, sans-serif;\"><span style=\"font-size: small;\">d\u00f3<\/span><\/span><\/span><span style=\"color: #000000;\"><span style=\"font-family: Calibri, sans-serif;\"><span style=\"font-size: small;\">s projectes <\/span><\/span><\/span><span style=\"color: #000000;\"><span style=\"font-family: Calibri, sans-serif;\"><span style=\"font-size: small;\">que <\/span><\/span><\/span><span style=\"color: #000000;\"><span style=\"font-family: Calibri, sans-serif;\"><span style=\"font-size: small;\">han generat espais de confian\u00e7a amb dones d\u2019origen migrat, han estat coordinats per l\u2019Equip d\u2019Inclusi\u00f3 i Atenci\u00f3 a la Comunitat i els espais tant amb dones com amb professionals dels diferents \u00e0mbits han estat dinamitzats per l\u2019Associaci\u00f3 Amunt i Crits. <\/span><\/span><\/span><\/p>\n<p align=\"justify\"><span style=\"color: #000000;\"><span style=\"font-family: Calibri, sans-serif;\"><span style=\"font-size: small;\">E<\/span><\/span><\/span><span style=\"color: #000000;\"><span style=\"font-family: Calibri, sans-serif;\"><span style=\"font-size: small;\">n el marc del congr\u00e9s, es van lliurar <\/span><\/span><\/span><span style=\"color: #000000;\"><span style=\"font-family: Calibri, sans-serif;\"><span style=\"font-size: small;\">els guardons de<a href=\"https:\/\/youtu.be\/KJv2wO27Zw8\">l<\/a><\/span><\/span><\/span> <span style=\"color: #000000;\"><span style=\"font-family: Calibri, sans-serif;\"><span style=\"font-size: small;\">1r<\/span><\/span><\/span><span style=\"color: #000000;\"><span style=\"font-family: Calibri, sans-serif;\"><span style=\"font-size: small;\"> Premi de Recerca i Innovaci\u00f3 dels Serveis B\u00e0sics que organitza el Departament de Drets Socials. Enguany l\u2019Equip d\u2019Inclusi\u00f3 i Atenci\u00f3 a la Comunitat ha guanyat el <\/span><\/span><\/span><span style=\"color: #000000;\"><span style=\"font-family: Calibri, sans-serif;\"><span style=\"font-size: small;\">P<\/span><\/span><\/span><span style=\"color: #000000;\"><span style=\"font-family: Calibri, sans-serif;\"><span style=\"font-size: small;\">remi en Recerca pel programa Habiba, dones i salut comunit\u00e0ria a l\u2019Alt Empord\u00e0, un programa que ha perm\u00e8s generar espais de treball comunitari entre dones i professionals de l\u2019\u00e0mbit de la salut. <\/span><\/span><\/span><span style=\"color: #000000;\"><span style=\"font-family: Calibri, sans-serif;\"><span style=\"font-size: small;\">P<\/span><\/span><\/span><span style=\"color: #000000;\"><span style=\"font-family: Calibri, sans-serif;\"><span style=\"font-size: small;\">odeu trobar m\u00e9s informaci\u00f3 <\/span><\/span><\/span><a href=\"https:\/\/inclusioaltemporda.cat\/portal\/programa-habiba-dones-i-salut-comunitaria-a-lalt-emporda\/\"><span style=\"color: #000000;\"><span style=\"font-family: Calibri, sans-serif;\"><span style=\"font-size: small;\"><u>aqu\u00ed<\/u><\/span><\/span><\/span><\/a><span style=\"color: #000000;\"><span style=\"font-family: Calibri, sans-serif;\"><span style=\"font-size: small;\">. <\/span><\/span><\/span><\/p>\n<p>[\/vc_column_text][\/vc_column][\/vc_row][vc_row][vc_column][vc_video link=&#8221;https:\/\/youtu.be\/KJv2wO27Zw8&#8243; title=&#8221;Premi de Recerca en Serveis Socials B\u00e0sics&#8221;][\/vc_column][\/vc_row]<\/p>\n<\/div>","protected":false},"excerpt":{"rendered":"<p>En el marc del congr\u00e9s, l\u2019Equip d\u2019Inclusi\u00f3 i Atenci\u00f3 a la Comunitat de l\u2019\u00c0rea de Benestar del Consell Comarcal ha participat amb tres p\u00f2ster-resums i una comunicaci\u00f3, i se li ha fet lliurament del Premi de Recerca en Serveis Socials B\u00e0sics 2022.<\/p>\n","protected":false},"author":2,"featured_media":8510,"comment_status":"closed","ping_status":"closed","sticky":false,"template":"","format":"standard","meta":{"footnotes":""},"categories":[106,100,104,1,12,102],"tags":[],"class_list":["post-8503","post","type-post","status-publish","format-standard","has-post-thumbnail","hentry","category-administracions","category-area-benestar","category-entitats-socials","category-general","category-pla-dinclusio-2","category-professionals-ambit-social","category-106","category-100","category-104","category-1","category-12","category-102","description-off"],"_links":{"self":[{"href":"https:\/\/inclusioaltemporda.cat\/portal\/wp-json\/wp\/v2\/posts\/8503","targetHints":{"allow":["GET"]}}],"collection":[{"href":"https:\/\/inclusioaltemporda.cat\/portal\/wp-json\/wp\/v2\/posts"}],"about":[{"href":"https:\/\/inclusioaltemporda.cat\/portal\/wp-json\/wp\/v2\/types\/post"}],"author":[{"embeddable":true,"href":"https:\/\/inclusioaltemporda.cat\/portal\/wp-json\/wp\/v2\/users\/2"}],"replies":[{"embeddable":true,"href":"https:\/\/inclusioaltemporda.cat\/portal\/wp-json\/wp\/v2\/comments?post=8503"}],"version-history":[{"count":7,"href":"https:\/\/inclusioaltemporda.cat\/portal\/wp-json\/wp\/v2\/posts\/8503\/revisions"}],"predecessor-version":[{"id":8515,"href":"https:\/\/inclusioaltemporda.cat\/portal\/wp-json\/wp\/v2\/posts\/8503\/revisions\/8515"}],"wp:featuredmedia":[{"embeddable":true,"href":"https:\/\/inclusioaltemporda.cat\/portal\/wp-json\/wp\/v2\/media\/8510"}],"wp:attachment":[{"href":"https:\/\/inclusioaltemporda.cat\/portal\/wp-json\/wp\/v2\/media?parent=8503"}],"wp:term":[{"taxonomy":"category","embeddable":true,"href":"https:\/\/inclusioaltemporda.cat\/portal\/wp-json\/wp\/v2\/categories?post=8503"},{"taxonomy":"post_tag","embeddable":true,"href":"https:\/\/inclusioaltemporda.cat\/portal\/wp-json\/wp\/v2\/tags?post=8503"}],"curies":[{"name":"wp","href":"https:\/\/api.w.org\/{rel}","templated":true}]}}