{"id":8516,"date":"2023-06-21T13:23:33","date_gmt":"2023-06-21T11:23:33","guid":{"rendered":"https:\/\/inclusioaltemporda.cat\/portal\/?p=8516"},"modified":"2023-06-21T14:07:30","modified_gmt":"2023-06-21T12:07:30","slug":"jornada-de-formacio-sobre-joc-moviment-i-psicomotricitat-en-el-marc-de-la-innovacio-pedagogica","status":"publish","type":"post","link":"https:\/\/inclusioaltemporda.cat\/portal\/jornada-de-formacio-sobre-joc-moviment-i-psicomotricitat-en-el-marc-de-la-innovacio-pedagogica\/","title":{"rendered":"Jornada de formaci\u00f3 sobre \u00abJoc, moviment i psicomotricitat en el marc de la innovaci\u00f3 pedag\u00f2gica\u00bb"},"content":{"rendered":"<div class=\"wpb-content-wrapper\"><p>[vc_row][vc_column][vc_column_text]<\/p>\n<h3><span style=\"font-family: Calibri, sans-serif;\"><b>Jornada de formaci\u00f3 sobre \u00abJoc, moviment i psicomotricitat en el marc de la innovaci\u00f3 pedag\u00f2gica\u00bb<\/b><\/span><\/h3>\n<p><span style=\"color: #181715;\"><span style=\"font-family: Calibri, sans-serif;\"><span style=\"font-size: medium;\">El passat 10 de juny, el Servei d\u2019Intervenci\u00f3 Socioeducativa de l\u2019\u00c0rea de Benestar va organitzar a l\u2019escola L\u2019Amistat de Figueres una sessi\u00f3 de formaci\u00f3 per a professionals d\u2019educaci\u00f3 de l\u2019etapa 0-6 anys de la comarca. Aquesta jornada, que s&#8217;organitza cada dos anys, ha arribat aquest 2023 a la 15a edici\u00f3.<\/span><\/span><\/span><\/p>\n<p><span style=\"color: #181715;\"><span style=\"font-family: Calibri, sans-serif;\"><span style=\"font-size: medium;\">Durant la formaci\u00f3, a c\u00e0rrec de la psic\u00f2loga i terapeuta Gestalt Ver\u00f3nica Ant\u00f3n Mitr\u00f3poulos, es va treballar al voltant de com el joc, el moviment i la psicomotricitat s\u00f3n elements claus per a pensar l\u2019educaci\u00f3 a l\u2019etapa 0-6 anys.<\/span><\/span><\/span><\/p>\n<p><span style=\"color: #181715;\"><span style=\"font-family: Calibri, sans-serif;\"><span style=\"font-size: medium;\">Entre d\u2019altres, es van abordar els seg\u00fcents continguts:<\/span><\/span><\/span><\/p>\n<p><span style=\"color: #181715;\">\u2022 <span style=\"font-family: Calibri, sans-serif;\"><span style=\"font-size: medium;\">La import\u00e0ncia del joc en el desenvolupament emocional i cognitiu de les criatures.<\/span><\/span><\/span><\/p>\n<p align=\"left\"><span style=\"color: #181715;\">\u2022 <span style=\"font-family: Calibri, sans-serif;\"><span style=\"font-size: medium;\">Acompanyar els infants a transitar del \u201cplaer de fer al plaer de pensar\u201d. Del moviment del cos i el joc corporal al desenvolupament de les representacions, la simbolitzaci\u00f3 i els aprenentatges cognitius.<\/span><\/span><\/span><\/p>\n<p align=\"left\"><span style=\"color: #181715;\">\u2022 <span style=\"font-family: Calibri, sans-serif;\"><span style=\"font-size: medium;\">Joc lliure. Preparaci\u00f3 d&#8217;espais, materials i marcs per afavorir el joc lliure i espontani dels infants dins de l&#8217;escola.<\/span><\/span><\/span><\/p>\n<p align=\"left\"><span style=\"color: #181715;\">\u2022 <span style=\"font-family: Calibri, sans-serif;\"><span style=\"font-size: medium;\">Relaci\u00f3 entre joc i aprenentatges significatius.<\/span><\/span><\/span><\/p>\n<p align=\"left\"><span style=\"color: #181715;\">\u2022 <span style=\"font-family: Calibri, sans-serif;\"><span style=\"font-size: medium;\">Bases i principis de la Psicomotricitat Relacional (Pr\u00e0ctica Psicomotriu Aucouturier). La seva aplicaci\u00f3 a l&#8217;etapa 0-3 i a l&#8217;etapa 3-6 anys.<\/span><\/span><\/span><\/p>\n<p><span style=\"color: #181715;\"><span style=\"font-family: Calibri, sans-serif;\"><span style=\"font-size: medium;\">La jornada es va organitzar a trav\u00e9s d\u2019un treball vivencial, reflexionant conjuntament sobre la viv\u00e8ncia, per acabar amb una base te\u00f2rica que permet\u00e9s integrar la viv\u00e8ncia, la metodologia i la teoria.<\/span><\/span><\/span>[\/vc_column_text][\/vc_column][\/vc_row]<\/p>\n<\/div>","protected":false},"excerpt":{"rendered":"<p>El Servei d\u2019Intervenci\u00f3 Socioeducativa de l\u2019\u00c0rea de Benestar va organitzar a l\u2019escola L\u2019Amistat de Figueres una sessi\u00f3 de formaci\u00f3 per a professionals d\u2019educaci\u00f3 de l\u2019etapa 0-6 anys de la comarca.<\/p>\n","protected":false},"author":2,"featured_media":8517,"comment_status":"closed","ping_status":"closed","sticky":false,"template":"","format":"standard","meta":{"footnotes":""},"categories":[100,103,1,127],"tags":[],"class_list":["post-8516","post","type-post","status-publish","format-standard","has-post-thumbnail","hentry","category-area-benestar","category-estudiants-escoles-instituts","category-general","category-infancia-i-adolescencia","category-100","category-103","category-1","category-127","description-off"],"_links":{"self":[{"href":"https:\/\/inclusioaltemporda.cat\/portal\/wp-json\/wp\/v2\/posts\/8516","targetHints":{"allow":["GET"]}}],"collection":[{"href":"https:\/\/inclusioaltemporda.cat\/portal\/wp-json\/wp\/v2\/posts"}],"about":[{"href":"https:\/\/inclusioaltemporda.cat\/portal\/wp-json\/wp\/v2\/types\/post"}],"author":[{"embeddable":true,"href":"https:\/\/inclusioaltemporda.cat\/portal\/wp-json\/wp\/v2\/users\/2"}],"replies":[{"embeddable":true,"href":"https:\/\/inclusioaltemporda.cat\/portal\/wp-json\/wp\/v2\/comments?post=8516"}],"version-history":[{"count":7,"href":"https:\/\/inclusioaltemporda.cat\/portal\/wp-json\/wp\/v2\/posts\/8516\/revisions"}],"predecessor-version":[{"id":8524,"href":"https:\/\/inclusioaltemporda.cat\/portal\/wp-json\/wp\/v2\/posts\/8516\/revisions\/8524"}],"wp:featuredmedia":[{"embeddable":true,"href":"https:\/\/inclusioaltemporda.cat\/portal\/wp-json\/wp\/v2\/media\/8517"}],"wp:attachment":[{"href":"https:\/\/inclusioaltemporda.cat\/portal\/wp-json\/wp\/v2\/media?parent=8516"}],"wp:term":[{"taxonomy":"category","embeddable":true,"href":"https:\/\/inclusioaltemporda.cat\/portal\/wp-json\/wp\/v2\/categories?post=8516"},{"taxonomy":"post_tag","embeddable":true,"href":"https:\/\/inclusioaltemporda.cat\/portal\/wp-json\/wp\/v2\/tags?post=8516"}],"curies":[{"name":"wp","href":"https:\/\/api.w.org\/{rel}","templated":true}]}}