{"id":8532,"date":"2023-07-26T10:33:28","date_gmt":"2023-07-26T08:33:28","guid":{"rendered":"https:\/\/inclusioaltemporda.cat\/portal\/?p=8532"},"modified":"2023-07-26T10:40:35","modified_gmt":"2023-07-26T08:40:35","slug":"el-projecte-habiba-dones-i-salut-comunitaria-rep-el-1r-premi-de-recerca-i-innovacio-del-departament-de-drets-socials","status":"publish","type":"post","link":"https:\/\/inclusioaltemporda.cat\/portal\/el-projecte-habiba-dones-i-salut-comunitaria-rep-el-1r-premi-de-recerca-i-innovacio-del-departament-de-drets-socials\/","title":{"rendered":"El projecte Habiba: Dones i Salut Comunit\u00e0ria rep el 1r Premi de Recerca i Innovaci\u00f3 del Departament de Drets Socials"},"content":{"rendered":"<p>El programa Habiba Dones i Salut Comunit\u00e0ria a l\u2019Alt Empord\u00e0 dinamitzat per l\u2019Equip d\u2019Inclusi\u00f3 i Atenci\u00f3 a la Comunitat de l\u2019\u00e0rea de Benestar del Consell Comarcal de l\u2019Alt Empord\u00e0, t\u00e9 com a objectiu promoure l\u2019equitat en l\u2019exercici del dret a la salut i l\u2019acc\u00e9s al sistema de salut de les dones d\u2019origen migrant de la comarca. Habiba ha facilitat un proc\u00e9s de treball comunitari amb professionals de la salut i dones migrades de diferents or\u00edgens de l\u2019ABS de l\u2019Escala (municipi de Sant Pere Pescador), per refor\u00e7ar els actius en salut existents al territori.<\/p>\n<p>El programa, dissenyat des de la perspectiva de g\u00e8nere intercultural, parteix de les necessitats expressades en salut per les dones migrades en els espais de treball comunitari durant els darrers dos anys: Programa de Dones Referents Comunit\u00e0ries de l\u2019Alt Empord\u00e0 i taula comarcal de Mutilaci\u00f3 Genital Femenina. S\u2019ha finan\u00e7at amb la Convocat\u00f2ria Interculturalitat i Acci\u00f3 social de la Fundaci\u00f3 La Caixa i facilita la innovaci\u00f3 social en generar els espais de treball comunitaris i les eines per acompanyar i empoderar les dones migrades com a actius en salut a la nostra comarca.<\/p>\n<p>El conseller comarcal de Benestar, \u00c1lex Hern\u00e1ndez ha volgut fer especial esment a la tasca que s\u2019est\u00e0 portant a terme des de l\u2019\u00e0rea: \u201cAquest guard\u00f3 reconeix l\u2019esfor\u00e7 i iniciativa de l\u2019equip d\u2019Inclusi\u00f3. Des del Consell Comarcal refermem el nostre comprom\u00eds amb el treball comunitari des d\u2019una perspectiva intercultural inclusiva a trav\u00e9s del suport i l\u2019acompanyament a les persones.\u201d<\/p>\n<p>Des de l\u2019\u00e0rea celebren que l\u2019associaci\u00f3 Amunt i Crits-Dones Referents comunit\u00e0ries, sorgida arrel d\u2019anteriors programes, hagi pogut participar activament en la dinamitzaci\u00f3 de les sessions de treball i traslladar les seves experi\u00e8ncies i coneixements en aquesta nova edici\u00f3. Aix\u00ed mateix, tamb\u00e9 valoren molt positivament la implicaci\u00f3 tant de les dones participants del programa com dels professionals de la salut que hi han col\u00b7laborat.<\/p>\n<p>El premi va ser entregat a Vic en el marc del IV\u00e8 Congr\u00e9s de l\u2019Acci\u00f3 Social-Inclusi\u00f3, organitzat pel Departament de Drets Socials i la Universitat de Vic. La dotaci\u00f3 econ\u00f2mica que s\u2019ha rebut revertir\u00e0 en benefici de l\u2019ampliaci\u00f3 del projecte Habiba, ajudant a incrementar el nombre de figures referents a la comarca.<\/p>\n<p>Accions que ha posat en marxa el programa Habiba fins el dia d\u2019avui:<br \/>\n1. Dinamitzaci\u00f3 d\u2019un proc\u00e9s de participaci\u00f3 comunit\u00e0ria amb professionals de la salut, entitats i un grup de dones migrades ABS de l\u2019Escala (municipi de Sant Pere Pescador), que ha perm\u00e8s elaborar un diagn\u00f2stic sobre la salut i l\u2019acc\u00e9s al sistema de salut de les dones migrades a la comarca.<br \/>\n2. A partir del diagn\u00f2stic elaborat, detecci\u00f3 de la salut sexual i reproductiva com a \u00e0mbit de salut prioritari sobre el qual s\u2019ha dissenyat un taller de prevenci\u00f3 adre\u00e7at a dones migra-des de l\u2019ABS de L\u2019Escala. Tant els continguts formatius com digitals s\u2019han codissenyat amb el grup de dones que participen al programa.<br \/>\n3. Disseny d\u2019una guia online de plantes medicinals africanes, en col\u00b7laboraci\u00f3 amb l\u2019equip m\u00e8dic de l\u2019ABS L\u2019Escala.<br \/>\n4. Realitzaci\u00f3 de sis v\u00eddeos divulgatius sobre el servei de l\u2019ASSIR, tradu\u00efts a sis idiomes.<br \/>\n5. Creaci\u00f3 d\u2019una Xarxa Local d\u2019Aprenentatge en Salut Comunit\u00e0ria Intercultural (Learning Network) oberta a altres agents de salut de la comarca i comarques gironines, amb els quals es compartir\u00e0 els resultats del programa Habiba.<br \/>\n6. Organitzaci\u00f3 de dos seminaris oberts (format webinar) per facilitar l\u2019intercanvi de coneixement i la creaci\u00f3 d\u2019un espai de treball innovador en aquest \u00e0mbit de la intervenci\u00f3 comunit\u00e0ria.<\/p>\n","protected":false},"excerpt":{"rendered":"<p>El guard\u00f3, dotat amb 12.000\u20ac, ha reconegut la tasca de l\u2019Equip d\u2019Inclusi\u00f3 i Atenci\u00f3 a la Comunitat del Consell Comarcal de l\u2019Alt Empord\u00e0<\/p>\n","protected":false},"author":2,"featured_media":8533,"comment_status":"closed","ping_status":"closed","sticky":false,"template":"","format":"standard","meta":{"footnotes":""},"categories":[106,100,107,101,104,1,108,12],"tags":[],"class_list":["post-8532","post","type-post","status-publish","format-standard","has-post-thumbnail","hentry","category-administracions","category-area-benestar","category-centres-recerca-universitats","category-ciutadania","category-entitats-socials","category-general","category-mitjans-comunicacio","category-pla-dinclusio-2","category-106","category-100","category-107","category-101","category-104","category-1","category-108","category-12","description-off"],"_links":{"self":[{"href":"https:\/\/inclusioaltemporda.cat\/portal\/wp-json\/wp\/v2\/posts\/8532","targetHints":{"allow":["GET"]}}],"collection":[{"href":"https:\/\/inclusioaltemporda.cat\/portal\/wp-json\/wp\/v2\/posts"}],"about":[{"href":"https:\/\/inclusioaltemporda.cat\/portal\/wp-json\/wp\/v2\/types\/post"}],"author":[{"embeddable":true,"href":"https:\/\/inclusioaltemporda.cat\/portal\/wp-json\/wp\/v2\/users\/2"}],"replies":[{"embeddable":true,"href":"https:\/\/inclusioaltemporda.cat\/portal\/wp-json\/wp\/v2\/comments?post=8532"}],"version-history":[{"count":1,"href":"https:\/\/inclusioaltemporda.cat\/portal\/wp-json\/wp\/v2\/posts\/8532\/revisions"}],"predecessor-version":[{"id":8534,"href":"https:\/\/inclusioaltemporda.cat\/portal\/wp-json\/wp\/v2\/posts\/8532\/revisions\/8534"}],"wp:featuredmedia":[{"embeddable":true,"href":"https:\/\/inclusioaltemporda.cat\/portal\/wp-json\/wp\/v2\/media\/8533"}],"wp:attachment":[{"href":"https:\/\/inclusioaltemporda.cat\/portal\/wp-json\/wp\/v2\/media?parent=8532"}],"wp:term":[{"taxonomy":"category","embeddable":true,"href":"https:\/\/inclusioaltemporda.cat\/portal\/wp-json\/wp\/v2\/categories?post=8532"},{"taxonomy":"post_tag","embeddable":true,"href":"https:\/\/inclusioaltemporda.cat\/portal\/wp-json\/wp\/v2\/tags?post=8532"}],"curies":[{"name":"wp","href":"https:\/\/api.w.org\/{rel}","templated":true}]}}