{"id":8603,"date":"2023-09-28T08:14:08","date_gmt":"2023-09-28T06:14:08","guid":{"rendered":"https:\/\/inclusioaltemporda.cat\/portal\/?p=8603"},"modified":"2023-10-18T08:33:37","modified_gmt":"2023-10-18T06:33:37","slug":"el-consell-comarca-de-lalt-empord-aprova-el-nou-pla-digualtat-de-genere","status":"publish","type":"post","link":"https:\/\/inclusioaltemporda.cat\/portal\/el-consell-comarca-de-lalt-empord-aprova-el-nou-pla-digualtat-de-genere\/","title":{"rendered":"El Consell Comarca de l&#8217;Alt Empord\u00e0 aprova el nou Pla d&#8217;Igualtat de G\u00e8nere"},"content":{"rendered":"<p>El Pla per a la Igualtat de G\u00e8nere 2023-2027 del Consell Comarcal de l&#8217;Alt Empord\u00e0 ha estat promogut per l&#8217;\u00e0rea de Benestar del Consell Comarcal, donant continu\u00eftat al treball iniciat ja fa disset anys amb el primer Pla Comarcal de promoci\u00f3 de les pol\u00edtiques d\u2019igualtat 2005-2007. La seva aprovaci\u00f3 definitiva es dur\u00e0 a terme aquest dimarts, despr\u00e9s de superar el per\u00edode d\u2019exposici\u00f3, i ser\u00e0 d\u2019aplicaci\u00f3 immediata un cop s\u2019hagi portat a tr\u00e0mit la seva aprovaci\u00f3 durant el plenari.<\/p>\n<p>Aquest Pla per a la Igualtat de G\u00e8nere refor\u00e7a amb sis objectius estrat\u00e8gics la transversalitzaci\u00f3 de la perspectiva de g\u00e8nere i la interseccionalitat en l&#8217;acci\u00f3 comarcal i municipal i, sobretot, determina nous objectius operatius i l\u00ednies d&#8217;acci\u00f3 que estan orientats a promoure la igualtat d&#8217;oportunitats entre dones i homes, que hauran de ser promoguts pels serveis, programes i projectes que gestiona la pr\u00f2pia \u00e0rea de Benestar.<\/p>\n<p>Els principals objectius estrat\u00e8gics del Pla s\u00f3n:<\/p>\n<ul>\n<li>Comprom\u00eds i acci\u00f3 comarcal per a l\u2019equitat de g\u00e8nere.<\/li>\n<li>Millorar el treball en xarxa.<\/li>\n<li>Millorar els mecanismes per prevenir, detectar i erradicar la viol\u00e8ncia masclista a la comarca.<\/li>\n<li>Empoderar les dones i els homes en situaci\u00f3 de risc d\u2019exclusi\u00f3 social.<\/li>\n<li>Promoure treball comunitari i de sensibilitzaci\u00f3 per refor\u00e7ar les accions orientades a l\u2019equitat de g\u00e8nere.<\/li>\n<li>Garantir el dret a la igualtat i a la no-discriminaci\u00f3 per motius d\u2019orientaci\u00f3 sexual i identitat o expressi\u00f3 de g\u00e8nere, per garantir que es pugui viure la diversitat sexual i afectiva en llibertat.<\/li>\n<\/ul>\n<p>El conseller comarcal de Benestar Social, Igualtat i Feminisme, \u00c0lex Hern\u00e1ndez ha destacat: \u201cAquest nou Pla d\u2019Igualtat pret\u00e9n ser un reflex de la perspectiva de g\u00e8nere a la comarca, i recon\u00e8ixer aquells sectors on la bretxa social i salarial encara es fa palesa a dia d\u2019avui. L\u2019an\u00e0lisi i diagn\u00f2stic de la realitat i diversitat dels municipis ens permet establir els eixos d\u2019exclusi\u00f3 m\u00e9s rellevants que actuen a la comarca, amb l\u2019objectiu de tra\u00e7ar les l\u00ednies d\u2019actuaci\u00f3 m\u00e9s eficients per revertir les situacions de desigualtat.\u201d<\/p>\n<p>Actualment l\u2019\u00e0rea de Benestar del Consell Comarcal ofereix assist\u00e8ncia t\u00e8cnica a nivell de pol\u00edtiques d\u2019igualtat i dona suport als municipis de la comarca per a la correcta implementaci\u00f3 de les mateixes.<\/p>\n","protected":false},"excerpt":{"rendered":"<p>El Pla refor\u00e7a amb sis objectius estrat\u00e8gics la transversalitzaci\u00f3 de la perspectiva de g\u00e8nere i la interseccionalitat en l&#8217;acci\u00f3 comarcal i municipal.<\/p>\n","protected":false},"author":2,"featured_media":8602,"comment_status":"closed","ping_status":"closed","sticky":false,"template":"","format":"standard","meta":{"footnotes":""},"categories":[106,100,101,1,108],"tags":[],"class_list":["post-8603","post","type-post","status-publish","format-standard","has-post-thumbnail","hentry","category-administracions","category-area-benestar","category-ciutadania","category-general","category-mitjans-comunicacio","category-106","category-100","category-101","category-1","category-108","description-off"],"_links":{"self":[{"href":"https:\/\/inclusioaltemporda.cat\/portal\/wp-json\/wp\/v2\/posts\/8603","targetHints":{"allow":["GET"]}}],"collection":[{"href":"https:\/\/inclusioaltemporda.cat\/portal\/wp-json\/wp\/v2\/posts"}],"about":[{"href":"https:\/\/inclusioaltemporda.cat\/portal\/wp-json\/wp\/v2\/types\/post"}],"author":[{"embeddable":true,"href":"https:\/\/inclusioaltemporda.cat\/portal\/wp-json\/wp\/v2\/users\/2"}],"replies":[{"embeddable":true,"href":"https:\/\/inclusioaltemporda.cat\/portal\/wp-json\/wp\/v2\/comments?post=8603"}],"version-history":[{"count":7,"href":"https:\/\/inclusioaltemporda.cat\/portal\/wp-json\/wp\/v2\/posts\/8603\/revisions"}],"predecessor-version":[{"id":8618,"href":"https:\/\/inclusioaltemporda.cat\/portal\/wp-json\/wp\/v2\/posts\/8603\/revisions\/8618"}],"wp:featuredmedia":[{"embeddable":true,"href":"https:\/\/inclusioaltemporda.cat\/portal\/wp-json\/wp\/v2\/media\/8602"}],"wp:attachment":[{"href":"https:\/\/inclusioaltemporda.cat\/portal\/wp-json\/wp\/v2\/media?parent=8603"}],"wp:term":[{"taxonomy":"category","embeddable":true,"href":"https:\/\/inclusioaltemporda.cat\/portal\/wp-json\/wp\/v2\/categories?post=8603"},{"taxonomy":"post_tag","embeddable":true,"href":"https:\/\/inclusioaltemporda.cat\/portal\/wp-json\/wp\/v2\/tags?post=8603"}],"curies":[{"name":"wp","href":"https:\/\/api.w.org\/{rel}","templated":true}]}}