{"id":8619,"date":"2023-10-24T13:38:41","date_gmt":"2023-10-24T11:38:41","guid":{"rendered":"https:\/\/inclusioaltemporda.cat\/portal\/?p=8619"},"modified":"2023-10-24T14:33:42","modified_gmt":"2023-10-24T12:33:42","slug":"nova-edicio-del-programa-de-formacio-per-a-dones-referents-comunitaries-de-lalt-emporda","status":"publish","type":"post","link":"https:\/\/inclusioaltemporda.cat\/portal\/nova-edicio-del-programa-de-formacio-per-a-dones-referents-comunitaries-de-lalt-emporda\/","title":{"rendered":"Nova edici\u00f3 del Programa de formaci\u00f3 per a Dones Referents Comunit\u00e0ries de l\u2019Alt Empord\u00e0"},"content":{"rendered":"<p>L\u2019equip d\u2019inclusi\u00f3 i atenci\u00f3 a la comunitat impulsa un nou programa de Formaci\u00f3 per a Dones Referents Comunit\u00e0ries de l\u2019Alt Empord\u00e0 amb el suport de l\u2019<a href=\"https:\/\/amunticritsdones.cat\/\">Associaci\u00f3 Amunt i Crits, dones referents comunit\u00e0ries de l\u2019Alt Empord\u00e0<\/a>.<\/p>\n<p>El programa, dissenyat des d\u2019una perspectiva de g\u00e8nere i antiracista, comptar\u00e0 amb la participaci\u00f3 de m\u00e9s de 30 professionals de diferents serveis p\u00fablics i entitats socials i sanit\u00e0ries amb l\u2019objectiu d\u2019oferir a les participants un coneixement ampli sobre els serveis, recursos i programes de la comarca aix\u00ed com continguts, conceptes, eines i estrat\u00e8gies de dinamitzaci\u00f3 des de la perspectiva de l\u2019acci\u00f3 comunit\u00e0ria. Aquest formaci\u00f3 tamb\u00e9 vol esdevenir un espai de reflexi\u00f3 conjunta entre participants i professionals en relaci\u00f3 a l\u2019acc\u00e9s a drets.<\/p>\n<p>L\u2019objectiu d\u2019aquest nou programa de formaci\u00f3 \u00e9s refor\u00e7ar la l\u00ednia d\u2019intervenci\u00f3 iniciada el 2019 amb el <a href=\"https:\/\/inclusioaltemporda.cat\/portal\/finalitza-amb-exit-la-primera-fase-de-formacio-intensa-del-programa-de-dones-referents-comunitaries-de-lalt-emporda\/\">primer Programa de Dones Referents Comunit\u00e0ries de l\u2019Alt Empord\u00e0<\/a> per apoderar a un grup de dones d\u2019origen migrat i\/o dones amb fam\u00edlies d\u2019origen migrat de la comarca. Aquest programa intensiu ha de permetre potenciar i ampliar el grup de dones referents comunit\u00e0ries de la comarca aix\u00ed com facilitar processos d\u2019intervenci\u00f3 comunit\u00e0ria.<\/p>\n<p>Enguany el programa es portar\u00e0 a terme en el per\u00edode d\u2019octubre a desembre de 2023 i constar\u00e0 d\u2019un total de 90 hores lectives. Aquesta formaci\u00f3 es finan\u00e7ar\u00e0 amb l\u2019import del <a href=\"https:\/\/inclusioaltemporda.cat\/portal\/el-projecte-habiba-dones-i-salut-comunitaria-rep-el-1r-premi-de-recerca-i-innovacio-del-departament-de-drets-socials\/\">primer premi de Recerca en Serveis Socials, atorgat pel Departament de Drets Socials de la Generalitat de Catalunya al programa Habiba: Dones i Salut Comunit\u00e0ria a l\u2019Alt Empord\u00e0<\/a>, rebut recentment per l\u2019\u00c0rea de Benestar del Consell Comarcal de l\u2019Alt Empord\u00e0.<\/p>\n","protected":false},"excerpt":{"rendered":"<p>L\u2019equip d\u2019inclusi\u00f3 i atenci\u00f3 a la comunitat impulsa un nou programa de Formaci\u00f3 per a Dones Referents Comunit\u00e0ries de l\u2019Alt Empord\u00e0 amb el suport de l\u2019Associaci\u00f3 Amunt i Crits, dones referents comunit\u00e0ries de l\u2019Alt Empord\u00e0.<\/p>\n","protected":false},"author":2,"featured_media":8620,"comment_status":"closed","ping_status":"closed","sticky":false,"template":"","format":"standard","meta":{"footnotes":""},"categories":[106,100,107,101,104,1,108,12,102],"tags":[],"class_list":["post-8619","post","type-post","status-publish","format-standard","has-post-thumbnail","hentry","category-administracions","category-area-benestar","category-centres-recerca-universitats","category-ciutadania","category-entitats-socials","category-general","category-mitjans-comunicacio","category-pla-dinclusio-2","category-professionals-ambit-social","category-106","category-100","category-107","category-101","category-104","category-1","category-108","category-12","category-102","description-off"],"_links":{"self":[{"href":"https:\/\/inclusioaltemporda.cat\/portal\/wp-json\/wp\/v2\/posts\/8619","targetHints":{"allow":["GET"]}}],"collection":[{"href":"https:\/\/inclusioaltemporda.cat\/portal\/wp-json\/wp\/v2\/posts"}],"about":[{"href":"https:\/\/inclusioaltemporda.cat\/portal\/wp-json\/wp\/v2\/types\/post"}],"author":[{"embeddable":true,"href":"https:\/\/inclusioaltemporda.cat\/portal\/wp-json\/wp\/v2\/users\/2"}],"replies":[{"embeddable":true,"href":"https:\/\/inclusioaltemporda.cat\/portal\/wp-json\/wp\/v2\/comments?post=8619"}],"version-history":[{"count":1,"href":"https:\/\/inclusioaltemporda.cat\/portal\/wp-json\/wp\/v2\/posts\/8619\/revisions"}],"predecessor-version":[{"id":8621,"href":"https:\/\/inclusioaltemporda.cat\/portal\/wp-json\/wp\/v2\/posts\/8619\/revisions\/8621"}],"wp:featuredmedia":[{"embeddable":true,"href":"https:\/\/inclusioaltemporda.cat\/portal\/wp-json\/wp\/v2\/media\/8620"}],"wp:attachment":[{"href":"https:\/\/inclusioaltemporda.cat\/portal\/wp-json\/wp\/v2\/media?parent=8619"}],"wp:term":[{"taxonomy":"category","embeddable":true,"href":"https:\/\/inclusioaltemporda.cat\/portal\/wp-json\/wp\/v2\/categories?post=8619"},{"taxonomy":"post_tag","embeddable":true,"href":"https:\/\/inclusioaltemporda.cat\/portal\/wp-json\/wp\/v2\/tags?post=8619"}],"curies":[{"name":"wp","href":"https:\/\/api.w.org\/{rel}","templated":true}]}}