{"id":8625,"date":"2023-10-30T11:17:49","date_gmt":"2023-10-30T10:17:49","guid":{"rendered":"https:\/\/inclusioaltemporda.cat\/portal\/?p=8625"},"modified":"2023-10-30T11:20:26","modified_gmt":"2023-10-30T10:20:26","slug":"la-taula-comarcal-pels-drets-de-les-persones-grans-organitza-la-2a-setmana-per-compartir-amb-activitats-a-escoles-i-instituts","status":"publish","type":"post","link":"https:\/\/inclusioaltemporda.cat\/portal\/la-taula-comarcal-pels-drets-de-les-persones-grans-organitza-la-2a-setmana-per-compartir-amb-activitats-a-escoles-i-instituts\/","title":{"rendered":"La Taula Comarcal pels Drets de les Persones Grans organitza la 2a \u00abSetmana per compartir\u00bb amb activitats a escoles i instituts"},"content":{"rendered":"<p>La Taula Comarcal pels Drets de les Persones Grans de l\u2019Alt Empord\u00e0 ha organitzat, per segon any consecutiu, la \u2018Setmana per compartir amb les persones grans\u2019, un espai de trobada intergeneracional que inclou xerrades, jocs, espectacles, cinema, contes, converses compartides, manualitats i molts records. \u00c9s una proposta que complementa la jornada \u201cEls drets de les persones grans: bon tracte, envelliment amb sentit i atenci\u00f3 integral\u201d, que es va celebrar el 20 d\u2019octubre passat a l\u2019Auditori dels Caputxins de Figueres amb l\u2019aforament complet. Amb aquestes iniciatives, la Taula Comarcal torna a fer un pas endavant en el seu comprom\u00eds per la promoci\u00f3 d\u2019activitats de sensibilitzaci\u00f3 entorn l\u2019edatisme i el bon tracte a les persones grans, amb la implicaci\u00f3 directa de les escoles i els instituts de la comarca.<\/p>\n<p>Pel que fa als centres d\u2019infantil i prim\u00e0ria, la \u2018Setmana per compartir\u2019 concentra, del 6 a l\u201911 de novembre, un ampli programa d\u2019activitats. Una de les novetats destacades d\u2019aquest curs \u00e9s l\u2019espectacle \u2018@Gransinfluencers\u2019, que la Taula ha encarregat expressament a Bel Contes, i el qual compta amb la col\u00b7laboraci\u00f3 d\u2019alumnat de l\u2019Institut Ramon Muntaner de Figueres. El muntatge est\u00e0 pensat per itinerar per les escoles de la comarca des del 7 de novembre fins a acabar el trimestre i posa l\u2019accent en mostrar les diferents maneres que hi ha de fer-se gran.<\/p>\n<p>Del ventall d\u2019activitats que proposa la Taula, cada escola pot elegir aquelles que m\u00e9s els interessin per treballar amb l\u2019alumnat: un taller de decoraci\u00f3 de l\u2019escola, amb la proposta de dissenyar cartells i pancartes en qu\u00e8 es pugui llegir la frase \u201cCompartim amb les persones grans\u201d; un taller de m\u00fasica i ball que combina can\u00e7ons d\u2019abans i d\u2019ara; l\u2019espai de conversa \u201cQuan jo era petit, quan jo sigui gran\u201d; la sessi\u00f3 de \u201cContes per fer-se gran\u201d; la maleta pedag\u00f2gica, perqu\u00e8 l\u2019alumnat pugui descobrir la utilitat d\u2019objectes antics que ja estan en des\u00fas; els racons de costura, de jocs de taula, de joguines antigues i de remeis casolans; un intercanvi de cartes entre nens i nenes i persones grans usu\u00e0ries de resid\u00e8ncies; tallers de m\u00fasica i de gimn\u00e0s, i la projecci\u00f3 d\u2019una pel\u00b7l\u00edcula per fer-ne un debat posterior sobre diferents aspectes de la vellesa.<\/p>\n<p>El mateix passa als instituts, on la \u2018Setmana per compartir amb les persones grans\u2019 tindr\u00e0 lloc del 7 al 13 de novembre. En aquest cas, les activitats que s\u2019han preparat s\u00f3n el concurs de fotografia amb el lema \u201cCompartim amb les persones grans\u201d i xerrades i tallers sobre edatisme i bon tracte que aniran a c\u00e0rrec de membres de la Taula Comarcal i de persones grans.<\/p>\n<p>Cal destacar que, al marge de la \u2018Setmana per compartir\u2019, al llarg del curs s\u00f3n molts els centres educatius de l\u2019Alt Empord\u00e0 que han incl\u00f2s en el programa curricular activitats intergeneracionals, moltes de les quals estan plenament consolidades, com el voluntariat jove, en qu\u00e8 nois i noies fan trucades a persones grans per reduir-los el sentiment de soledat, o classes de noves tecnologies o angl\u00e8s impartides per estudiants a gent gran. El projecte \u201cApadrina un avi\u201d, impulsat per C\u00e0ritas, tamb\u00e9 t\u00e9 molt bona acollida als instituts i t\u00e9 per objectiu mitigar la solitud de persones grans que viuen en resid\u00e8ncies o que no acostumen a rebre visites.<\/p>\n<p>La Taula Comarcal pels Drets de les Persones Grans<br \/>\nLa Taula Comarcal pels Drets de les Persones Grans, encap\u00e7alada per la Fundaci\u00f3 Salut Empord\u00e0 (FSE), el Consell Comarcal de l\u2019Alt Empord\u00e0 i l\u2019Ajuntament de Figueres, es va crear fa dos anys per promoure una xarxa de treball i acci\u00f3 comunit\u00e0ria que faciliti la prevenci\u00f3 de situaci\u00f3 de maltractaments, a m\u00e9s de potenciar la mirada preventiva sobre aquest fenomen, tant des de la perspectiva de la intervenci\u00f3 professional com pel que fa a la conscienciaci\u00f3 ciutadana.<\/p>\n<p>Est\u00e0 formada per una trentena de professionals del territori procedents dels \u00e0mbits social, de salut, educatiu, policial, jur\u00eddic i associatiu, que s\u2019han agrupat en tres comissions de treball. L\u2019objectiu \u00e9s aconseguir una comarca inclusiva, cuidadora, respectuosa i participativa. La Taula, precisament, \u00e9s un exemple d\u2019\u00e8xit en el context de l\u2019Ecosistema d\u2019Innovaci\u00f3 Social i Sanit\u00e0ria de l\u2019Alt Empord\u00e0, en el marc del PECT Girona Innovaci\u00f3 Social i Digital.<\/p>\n","protected":false},"excerpt":{"rendered":"<p>Aquest \u00e9s un espai de trobada intergeneracional que inclou xerrades, jocs, espectacles, cinema, contes, converses compartides, manualitats i molts records.<\/p>\n","protected":false},"author":2,"featured_media":8626,"comment_status":"closed","ping_status":"closed","sticky":false,"template":"","format":"standard","meta":{"footnotes":""},"categories":[106,33,100,101,128,103,1,127],"tags":[],"class_list":["post-8625","post","type-post","status-publish","format-standard","has-post-thumbnail","hentry","category-administracions","category-agenda","category-area-benestar","category-ciutadania","category-envelliment-actiu","category-estudiants-escoles-instituts","category-general","category-infancia-i-adolescencia","category-106","category-33","category-100","category-101","category-128","category-103","category-1","category-127","description-off"],"_links":{"self":[{"href":"https:\/\/inclusioaltemporda.cat\/portal\/wp-json\/wp\/v2\/posts\/8625","targetHints":{"allow":["GET"]}}],"collection":[{"href":"https:\/\/inclusioaltemporda.cat\/portal\/wp-json\/wp\/v2\/posts"}],"about":[{"href":"https:\/\/inclusioaltemporda.cat\/portal\/wp-json\/wp\/v2\/types\/post"}],"author":[{"embeddable":true,"href":"https:\/\/inclusioaltemporda.cat\/portal\/wp-json\/wp\/v2\/users\/2"}],"replies":[{"embeddable":true,"href":"https:\/\/inclusioaltemporda.cat\/portal\/wp-json\/wp\/v2\/comments?post=8625"}],"version-history":[{"count":3,"href":"https:\/\/inclusioaltemporda.cat\/portal\/wp-json\/wp\/v2\/posts\/8625\/revisions"}],"predecessor-version":[{"id":8629,"href":"https:\/\/inclusioaltemporda.cat\/portal\/wp-json\/wp\/v2\/posts\/8625\/revisions\/8629"}],"wp:featuredmedia":[{"embeddable":true,"href":"https:\/\/inclusioaltemporda.cat\/portal\/wp-json\/wp\/v2\/media\/8626"}],"wp:attachment":[{"href":"https:\/\/inclusioaltemporda.cat\/portal\/wp-json\/wp\/v2\/media?parent=8625"}],"wp:term":[{"taxonomy":"category","embeddable":true,"href":"https:\/\/inclusioaltemporda.cat\/portal\/wp-json\/wp\/v2\/categories?post=8625"},{"taxonomy":"post_tag","embeddable":true,"href":"https:\/\/inclusioaltemporda.cat\/portal\/wp-json\/wp\/v2\/tags?post=8625"}],"curies":[{"name":"wp","href":"https:\/\/api.w.org\/{rel}","templated":true}]}}