{"id":8632,"date":"2023-11-06T09:17:18","date_gmt":"2023-11-06T08:17:18","guid":{"rendered":"https:\/\/inclusioaltemporda.cat\/portal\/?p=8632"},"modified":"2023-11-03T09:21:24","modified_gmt":"2023-11-03T08:21:24","slug":"larea-de-benestar-de-consell-comarcal-de-lalt-emporda-presenta-dues-experiencies-al-congres-de-la-xarxa-espanyola-de-politica-social-reps","status":"publish","type":"post","link":"https:\/\/inclusioaltemporda.cat\/portal\/larea-de-benestar-de-consell-comarcal-de-lalt-emporda-presenta-dues-experiencies-al-congres-de-la-xarxa-espanyola-de-politica-social-reps\/","title":{"rendered":"L\u2019\u00e0rea de Benestar de Consell Comarcal presenta dues experi\u00e8ncies al Congr\u00e9s de la Xarxa Espanyola de Pol\u00edtica Social (REPS)"},"content":{"rendered":"<p>Durant els dies 25, 26 i 27 d&#8217;octubre ha tingut lloc a la ciutat de Palma el <a href=\"https:\/\/www.repspalma2023.es\/85973\/detail\/9o-reps-crisis-globales-e-impactos-locales-tendencias-y-respuestas-publicas-y-comunitarias-para-la-.html\" target=\"_blank\" rel=\"noopener\">IX Congr\u00e9s de la Xarxa Espanyola de Pol\u00edtica Social<\/a>, organitzat per la Universitat de les Illes Balears a trav\u00e9s de l\u2019Observatori Social de les Illes Balears (OSIB) i el Grup de recerca Desigualtats, G\u00e8nere i Pol\u00edtiques Socials (DGiPP), que en aquesta edici\u00f3 ha centrat la seva atenci\u00f3 en les \u00abCrisis globals i impactes locals: tend\u00e8ncies i respostes p\u00fablic-comunit\u00e0ries per a una transici\u00f3 eco-social\u00bb.<\/p>\n<p>En el marc del congr\u00e9s, els equips de l\u2019\u00c0rea de Benestar del Consell Comarcal hi han participat amb una comunicaci\u00f3 i un p\u00f2ster-resum.<\/p>\n<p>L\u2019equip de Suport a les fam\u00edlies i envelliment actiu ha participat en la presentaci\u00f3 de la comunicaci\u00f3 <a href=\"https:\/\/www.youtube.com\/watch?v=V_DLMQUjWYo\" target=\"_blank\" rel=\"noopener\">\u00abEl maltractament a les persones grans des d\u2019una mirada preventiva i comunit\u00e0ria\u00bb<\/a>, que recull la iniciativa de treball en xarxa de la Taula contra els maltractaments a les persones grans de l\u2019Alt Empord\u00e0. Aquest espai de treball que s\u2019ha impulsat per diferents agents la comarca de l\u2019Alt Empord\u00e0, liderats per la Fundaci\u00f3 Salut Empord\u00e0 i el Consell Comarcal, interv\u00e9 sobre aquesta problem\u00e0tica des d\u2019una mirada preventiva i comunit\u00e0ria, vol impulsar el treball en xarxa entre les diferents administracions i agents, aix\u00ed com crear eines i llenguatges comuns que facilitin la detecci\u00f3 i el seguiment de casos de maltractament.<\/p>\n<p>Per altra banda, l\u2019equip d\u2019Inclusi\u00f3 i Atenci\u00f3 Comunit\u00e0ria, conjuntament amb l\u2019Associaci\u00f3 Amunt i Crits, ha presentat una comunicaci\u00f3 en format <a href=\"https:\/\/inclusioaltemporda.cat\/portal\/wp-content\/uploads\/poster-ultima-versio-scaled.jpg\" target=\"_blank\" rel=\"noopener\">p\u00f2ster del \u00abDiagn\u00f2stic de salut comunit\u00e0ria de Sant Pere Pescador, en el marc del Programa Habiba-Dones i Salut Comunit\u00e0ria a l\u2019Alt Empord\u00e0\u00bb<\/a>. El diagn\u00f2stic, elaborat de manera participada entre l\u2019equip m\u00e8dic i les dones del municipi de Sant Pere Pescador va fa facilitar un proc\u00e9s de treball comunitari en qu\u00e8 es va vincular i compartir el coneixement dels professionals de la salut i el de les dones migrades de diferents or\u00edgens per refor\u00e7ar els actius en salut existents al territori.<\/p>\n","protected":false},"excerpt":{"rendered":"<p>El IX Congr\u00e9s de la Xarxa Espanyola de Pol\u00edtica Social ha centrat la seva atenci\u00f3 en les \u00abCrisis globals i impactes locals: tend\u00e8ncies i respostes comunit\u00e0ries per a una transici\u00f3 eco-social\u00bb.<\/p>\n","protected":false},"author":2,"featured_media":8633,"comment_status":"closed","ping_status":"closed","sticky":false,"template":"","format":"standard","meta":{"footnotes":""},"categories":[106,100,107,101,128,1,108,13],"tags":[],"class_list":["post-8632","post","type-post","status-publish","format-standard","has-post-thumbnail","hentry","category-administracions","category-area-benestar","category-centres-recerca-universitats","category-ciutadania","category-envelliment-actiu","category-general","category-mitjans-comunicacio","category-observatori-inclusio-social-alt-emporda","category-106","category-100","category-107","category-101","category-128","category-1","category-108","category-13","description-off"],"_links":{"self":[{"href":"https:\/\/inclusioaltemporda.cat\/portal\/wp-json\/wp\/v2\/posts\/8632","targetHints":{"allow":["GET"]}}],"collection":[{"href":"https:\/\/inclusioaltemporda.cat\/portal\/wp-json\/wp\/v2\/posts"}],"about":[{"href":"https:\/\/inclusioaltemporda.cat\/portal\/wp-json\/wp\/v2\/types\/post"}],"author":[{"embeddable":true,"href":"https:\/\/inclusioaltemporda.cat\/portal\/wp-json\/wp\/v2\/users\/2"}],"replies":[{"embeddable":true,"href":"https:\/\/inclusioaltemporda.cat\/portal\/wp-json\/wp\/v2\/comments?post=8632"}],"version-history":[{"count":3,"href":"https:\/\/inclusioaltemporda.cat\/portal\/wp-json\/wp\/v2\/posts\/8632\/revisions"}],"predecessor-version":[{"id":8636,"href":"https:\/\/inclusioaltemporda.cat\/portal\/wp-json\/wp\/v2\/posts\/8632\/revisions\/8636"}],"wp:featuredmedia":[{"embeddable":true,"href":"https:\/\/inclusioaltemporda.cat\/portal\/wp-json\/wp\/v2\/media\/8633"}],"wp:attachment":[{"href":"https:\/\/inclusioaltemporda.cat\/portal\/wp-json\/wp\/v2\/media?parent=8632"}],"wp:term":[{"taxonomy":"category","embeddable":true,"href":"https:\/\/inclusioaltemporda.cat\/portal\/wp-json\/wp\/v2\/categories?post=8632"},{"taxonomy":"post_tag","embeddable":true,"href":"https:\/\/inclusioaltemporda.cat\/portal\/wp-json\/wp\/v2\/tags?post=8632"}],"curies":[{"name":"wp","href":"https:\/\/api.w.org\/{rel}","templated":true}]}}