{"id":8637,"date":"2023-11-08T14:41:31","date_gmt":"2023-11-08T13:41:31","guid":{"rendered":"https:\/\/inclusioaltemporda.cat\/portal\/?p=8637"},"modified":"2023-11-08T15:04:44","modified_gmt":"2023-11-08T14:04:44","slug":"jornada-de-formacio-de-la-taula-dinclusio-de-lalt-emporda-reptes-i-nous-abordatges-a-la-cobertura-de-necessitats-basiques","status":"publish","type":"post","link":"https:\/\/inclusioaltemporda.cat\/portal\/jornada-de-formacio-de-la-taula-dinclusio-de-lalt-emporda-reptes-i-nous-abordatges-a-la-cobertura-de-necessitats-basiques\/","title":{"rendered":"Jornada de formaci\u00f3 de la Taula d\u2019Inclusi\u00f3 de l\u2019Alt Empord\u00e0 \u201cReptes i nous abordatges a la cobertura de necessitats b\u00e0siques\u201d"},"content":{"rendered":"<p>El proper dilluns 27 de novembre tindr\u00e0 lloc la Jornada de formaci\u00f3 per entitats d&#8217;aquest 2023 amb el t\u00edtol \u00abReptes i nous abordatges a la cobertura de necessitats b\u00e0siques\u00bb. Aquesta formaci\u00f3 est\u00e0 organitzada per la Taula d\u2019Inclusi\u00f3 Social i el Consell Comarcal de l\u2019Alt Empord\u00e0 i busca promoure el coneixement i la reflexi\u00f3 entorn nous models d&#8217;abordatge de la cobertura de necessitats b\u00e0siques des d&#8217;altres paradigmes d&#8217;intervenci\u00f3 com l&#8217;economia social i solid\u00e0ria.<\/p>\n<p>La primera part de la jornada comptar\u00e0 amb la presentaci\u00f3 dels principals canvis en relaci\u00f3 al nou model de cobertura de necessitats aliment\u00e0ries a c\u00e0rrec de Creu Roja i C\u00e0ritas. A continuaci\u00f3 hi ha prevista la pon\u00e8ncia marc &#8220;L\u2019economia social i solid\u00e0ria, una economia al servei de les persones&#8221; a c\u00e0rrec de Jordi Garcia Jan\u00e9 de la cooperativa l&#8217;Ap\u00f2strof, expert en economia social i solid\u00e0ria. La segona part de la jornada comptar\u00e0 amb una taula rodona d&#8217;experi\u00e8ncies que estan abordant la cobertura de necessitats b\u00e0siques des de perspectives diverses.<\/p>\n<p>Podeu consultar el programa de la jornada a trav\u00e9s d&#8217;<a href=\"https:\/\/inclusioaltemporda.cat\/portal\/wp-content\/uploads\/Programa-jornada-taula-inclusio-2023.pdf\" target=\"_blank\" rel=\"noopener\">aquest enlla\u00e7<\/a>.<\/p>\n<p>Enguany la jornada es celebrar\u00e0 a Cabanes, a la Sala Sindicat (C.\/ Canal, 38) de 9:00 a 13:30h. \u200b<\/p>\n<p>\u00c9s imprescindible fer la inscripci\u00f3 a trav\u00e9s d\u2019aquest <span style=\"color: #000080;\"><u><span lang=\"ca-ES\"><a href=\"https:\/\/docs.google.com\/forms\/d\/e\/1FAIpQLSebCarkC6OWi0q5ugSwkruO1ZEFf5g84ExpLkSTWPT3inOuug\/viewform?usp=sf_link\">formulari<\/a><a href=\"https:\/\/docs.google.com\/forms\/d\/e\/1FAIpQLSebCarkC6OWi0q5ugSwkruO1ZEFf5g84ExpLkSTWPT3inOuug\/viewform?usp=sf_link\" target=\"_blank\" rel=\"noopener\">\u200b<\/a><\/span><\/u><\/span>\u200b\u00a0abans del 20\u00a0de novembre per poder participar a la Jornada. La inscripci\u00f3 \u00e9s gratu\u00efta, les places s\u00f3n limitades per ordre de registre.<\/p>\n<p>Per a m\u00e9s informaci\u00f3 podeu contactar amb el Consell Comarcal de l\u2019Alt Empord\u00e0 al tel\u00e8fon 972.67.70.50 (de 9h a 14h) o a trav\u00e9s del correu electr\u00f2nic\u00a0<span style=\"color: #000080;\"><u><a href=\"mailto:inclusio@altemporda.cat\" target=\"_blank\" rel=\"noopener\"><span lang=\"ca-ES\">inclusio@altemporda.cat<\/span><\/a><\/u><\/span>.<\/p>\n","protected":false},"excerpt":{"rendered":"<p>Aquesta formaci\u00f3 busca promoure el coneixement i la reflexi\u00f3 entorn nous models d&#8217;abordatge de la cobertura de necessitats b\u00e0siques<\/p>\n","protected":false},"author":2,"featured_media":5281,"comment_status":"closed","ping_status":"closed","sticky":false,"template":"","format":"standard","meta":{"footnotes":""},"categories":[106,33,100,101,1,108,12,11],"tags":[],"class_list":["post-8637","post","type-post","status-publish","format-standard","has-post-thumbnail","hentry","category-administracions","category-agenda","category-area-benestar","category-ciutadania","category-general","category-mitjans-comunicacio","category-pla-dinclusio-2","category-taula-inclusio","category-106","category-33","category-100","category-101","category-1","category-108","category-12","category-11","description-off"],"_links":{"self":[{"href":"https:\/\/inclusioaltemporda.cat\/portal\/wp-json\/wp\/v2\/posts\/8637","targetHints":{"allow":["GET"]}}],"collection":[{"href":"https:\/\/inclusioaltemporda.cat\/portal\/wp-json\/wp\/v2\/posts"}],"about":[{"href":"https:\/\/inclusioaltemporda.cat\/portal\/wp-json\/wp\/v2\/types\/post"}],"author":[{"embeddable":true,"href":"https:\/\/inclusioaltemporda.cat\/portal\/wp-json\/wp\/v2\/users\/2"}],"replies":[{"embeddable":true,"href":"https:\/\/inclusioaltemporda.cat\/portal\/wp-json\/wp\/v2\/comments?post=8637"}],"version-history":[{"count":1,"href":"https:\/\/inclusioaltemporda.cat\/portal\/wp-json\/wp\/v2\/posts\/8637\/revisions"}],"predecessor-version":[{"id":8639,"href":"https:\/\/inclusioaltemporda.cat\/portal\/wp-json\/wp\/v2\/posts\/8637\/revisions\/8639"}],"wp:featuredmedia":[{"embeddable":true,"href":"https:\/\/inclusioaltemporda.cat\/portal\/wp-json\/wp\/v2\/media\/5281"}],"wp:attachment":[{"href":"https:\/\/inclusioaltemporda.cat\/portal\/wp-json\/wp\/v2\/media?parent=8637"}],"wp:term":[{"taxonomy":"category","embeddable":true,"href":"https:\/\/inclusioaltemporda.cat\/portal\/wp-json\/wp\/v2\/categories?post=8637"},{"taxonomy":"post_tag","embeddable":true,"href":"https:\/\/inclusioaltemporda.cat\/portal\/wp-json\/wp\/v2\/tags?post=8637"}],"curies":[{"name":"wp","href":"https:\/\/api.w.org\/{rel}","templated":true}]}}