{"id":8640,"date":"2023-11-08T13:10:23","date_gmt":"2023-11-08T12:10:23","guid":{"rendered":"https:\/\/inclusioaltemporda.cat\/portal\/?p=8640"},"modified":"2023-11-10T13:14:15","modified_gmt":"2023-11-10T12:14:15","slug":"lhospital-de-figueres-i-el-consell-comarcal-posen-en-marxa-el-servei-cangur-hospitalari-per-afavorir-la-conciliacio-de-les-families","status":"publish","type":"post","link":"https:\/\/inclusioaltemporda.cat\/portal\/lhospital-de-figueres-i-el-consell-comarcal-posen-en-marxa-el-servei-cangur-hospitalari-per-afavorir-la-conciliacio-de-les-families\/","title":{"rendered":"L\u2019Hospital de Figueres i el Consell Comarcal posen en marxa el Servei Cangur Hospitalari per afavorir la conciliaci\u00f3 de les fam\u00edlies"},"content":{"rendered":"<p>L\u2019Hospital de Figueres i el Consell Comarcal de l\u2019Alt Empord\u00e0 han posat en marxa el Servei Cangur Hospitalari, adre\u00e7at a les fam\u00edlies de pacients de 0 a 16 anys ingressats. La iniciativa busca afavorir la conciliaci\u00f3, ja que els menors requereixen d\u2019un acompanyament constant quan s\u2019estan en un centre sanitari, i oferir un suport perqu\u00e8 les fam\u00edlies puguin disposar de temps de desconnexi\u00f3 hospital\u00e0ria, per a descansar o fer gestions. El servei \u00e9s gratu\u00eft i s\u2019ofereix de dilluns a divendres, de 10 h a 13.30 h, i va a c\u00e0rrec de professionals del Programa Temps per Cures, gestionat pel Consell Comarcal de l\u2019Alt Empord\u00e0.<\/p>\n<p>Cangur Hospitalari \u00e9s un servei de conciliaci\u00f3 per a fam\u00edlies amb infants i joves de fins a 16 anys, ingressats a l\u2019Hospital de Figueres, de car\u00e0cter puntual i individual, i es desenvolupa en l\u2019entorn hospitalari, ja sigui a l\u2019habitaci\u00f3 o en un entorn adequat dins del mateix centre. Aquest \u00e9s un projecte pilot que t\u00e9 l\u2019objectiu de realitzar una diagnosi per detectar in situ les necessitats de conciliaci\u00f3 familiar de les fam\u00edlies ateses per l\u2019Hospital. El programa Temps per Cures prioritza les dones i fam\u00edlies amb m\u00e9s dificultats de temps i cures, sobretot les monoparentals, ja que presenten un alt esgotament i una alta necessitat de trobar f\u00f3rmules per a la conciliaci\u00f3 familiar.<\/p>\n<p>El Servei Cangur Hospitalari s\u2019emmarca dins del Programa Temps per Cures del Departament d\u2019Igualtat i Feminismes de la Generalitat i del Pla Interdepartamental d\u2019Atenci\u00f3 i Interacci\u00f3 Social i Sanit\u00e0ria (PIAISS) de l\u2019Alt Empord\u00e0. Est\u00e0 gestionat pel Consell Comarcal de l\u2019Alt Empord\u00e0 i finan\u00e7at a trav\u00e9s del Pla Corresponsables, una nova pol\u00edtica p\u00fablica impulsada pel Ministeri d\u2019Igualtat.<\/p>\n","protected":false},"excerpt":{"rendered":"<p>La iniciativa emmarcada en el Programa Temps per Cures busca afavorir la conciliaci\u00f3 i oferir un suport perqu\u00e8 les fam\u00edlies puguin disposar de temps de desconnexi\u00f3 hospital\u00e0ria.<\/p>\n","protected":false},"author":2,"featured_media":8641,"comment_status":"closed","ping_status":"closed","sticky":false,"template":"","format":"standard","meta":{"footnotes":""},"categories":[106,100,101,1,127,102],"tags":[],"class_list":["post-8640","post","type-post","status-publish","format-standard","has-post-thumbnail","hentry","category-administracions","category-area-benestar","category-ciutadania","category-general","category-infancia-i-adolescencia","category-professionals-ambit-social","category-106","category-100","category-101","category-1","category-127","category-102","description-off"],"_links":{"self":[{"href":"https:\/\/inclusioaltemporda.cat\/portal\/wp-json\/wp\/v2\/posts\/8640","targetHints":{"allow":["GET"]}}],"collection":[{"href":"https:\/\/inclusioaltemporda.cat\/portal\/wp-json\/wp\/v2\/posts"}],"about":[{"href":"https:\/\/inclusioaltemporda.cat\/portal\/wp-json\/wp\/v2\/types\/post"}],"author":[{"embeddable":true,"href":"https:\/\/inclusioaltemporda.cat\/portal\/wp-json\/wp\/v2\/users\/2"}],"replies":[{"embeddable":true,"href":"https:\/\/inclusioaltemporda.cat\/portal\/wp-json\/wp\/v2\/comments?post=8640"}],"version-history":[{"count":2,"href":"https:\/\/inclusioaltemporda.cat\/portal\/wp-json\/wp\/v2\/posts\/8640\/revisions"}],"predecessor-version":[{"id":8643,"href":"https:\/\/inclusioaltemporda.cat\/portal\/wp-json\/wp\/v2\/posts\/8640\/revisions\/8643"}],"wp:featuredmedia":[{"embeddable":true,"href":"https:\/\/inclusioaltemporda.cat\/portal\/wp-json\/wp\/v2\/media\/8641"}],"wp:attachment":[{"href":"https:\/\/inclusioaltemporda.cat\/portal\/wp-json\/wp\/v2\/media?parent=8640"}],"wp:term":[{"taxonomy":"category","embeddable":true,"href":"https:\/\/inclusioaltemporda.cat\/portal\/wp-json\/wp\/v2\/categories?post=8640"},{"taxonomy":"post_tag","embeddable":true,"href":"https:\/\/inclusioaltemporda.cat\/portal\/wp-json\/wp\/v2\/tags?post=8640"}],"curies":[{"name":"wp","href":"https:\/\/api.w.org\/{rel}","templated":true}]}}