{"id":8664,"date":"2024-02-07T13:30:23","date_gmt":"2024-02-07T12:30:23","guid":{"rendered":"https:\/\/inclusioaltemporda.cat\/portal\/?p=8664"},"modified":"2024-02-07T13:30:23","modified_gmt":"2024-02-07T12:30:23","slug":"balanc-molt-positiu-de-la-segona-edicio-del-programa-per-a-dones-referents-comunitaries","status":"publish","type":"post","link":"https:\/\/inclusioaltemporda.cat\/portal\/balanc-molt-positiu-de-la-segona-edicio-del-programa-per-a-dones-referents-comunitaries\/","title":{"rendered":"Balan\u00e7 molt positiu de la segona edici\u00f3 del programa per a Dones Referents Comunit\u00e0ries"},"content":{"rendered":"<p>Aquest mes de gener ha finalitzat la segona edici\u00f3 del programa de formaci\u00f3 per a Dones Referents Comunit\u00e0ries de l\u2019Alt Empord\u00e0, impulsat per l\u2019Equip d\u2019Inclusi\u00f3 i Atenci\u00f3 a la Comunitat del Consell Comarcal i el suport organitzatiu de l\u2019Associaci\u00f3 Amunt i Crits, Dones Referents Comunit\u00e0ries de l\u2019Alt Empord\u00e0.<\/p>\n<p>La segona edici\u00f3 del programa ha constat d&#8217;una formaci\u00f3 intensiva de 90 hores lectives, realitzada d\u2019octubre a desembre de 2023, en la qual han participat com a formadors m\u00e9s de 30 professionals de diferents serveis p\u00fablics i entitats socials i sanit\u00e0ries. La formaci\u00f3, que ha ofert a les participants coneixements ampli sobre els serveis, recursos i programes de la comarca aix\u00ed com continguts, conceptes, eines i estrat\u00e8gies de dinamitzaci\u00f3 des de la perspectiva de g\u00e8nere, antiracista i de l\u2019acci\u00f3 comunit\u00e0ria, s\u2019ha estructurat en els seg\u00fcents blocs tem\u00e0tics; serveis socials, serveis de salut, formaci\u00f3 i mercat de treball, interseccionalitat, participaci\u00f3, drets i ciutadania, origen i identitat, interculturalitat i diversitat religiosa i acci\u00f3 comunit\u00e0ria.<\/p>\n<p>Les professionals que han participat en el programa de dones referents comunit\u00e0ries han estat els seg\u00fcents: Neus Juanola, Ouafae Acharki i Najat Talha de l\u2019equip de primera acollida del CCAE; Carme Ortega, coordinadora dels serveis socials del CCAE i Luci Alvarado, coordinadora del servei d\u2019Intervenci\u00f3 Socioeducativa del CCAE; Gl\u00f2ria Pla i Gemma Juventench, coordinadora i psic\u00f2loga respectivament de l\u2019equip de suport a les fam\u00edlies i envelliment actiu del CCAE; \u00darsula Santa Cruz, psic\u00f2loga de l\u2019Associaci\u00f3 Sembrar; Maria Carrillo, directora de l\u2019EAP de Salut de Figueres; Nadia Sekali i Ikram Bakkouh, mediadores de la Fundaci\u00f3 Salut Empord\u00e0; Merc\u00e8 Homs, referent de benestar emocional i salut comunit\u00e0ria de Castell\u00f3 d\u2019Emp\u00faries, Clara Casals, educadora social i Habby Jawo, mediadora intercultural; Hanane Jaraou, llevadora de la Fundaci\u00f3 Salut Empord\u00e0; Marina Casadevall, cap d\u2019estudis del CFA Maria Verdaguer; Sela Garcia, T\u00e8cnica de l\u2019Oficina de Treball de Figueres; Bamari Drammeh, t\u00e8cnic d\u2019acci\u00f3 comunit\u00e0ria de la Fundaci\u00f3 Cepaim; Salma Amazian, t\u00e8cnica de la direcci\u00f3 general de Migracions, Refugi i Antiracisme; F\u00e0tima Aaatar, Mustaf\u00e0 Shaimi i Carles Serra, de la C\u00e0tedra d\u2019an\u00e0lisi i acci\u00f3 contra el racisme de la Universitat de Girona; Jenabou Dembaga, soci\u00f2loga, educadora i activista antirracista; T\u00e0nia Blanco i Pilar Alabau, equip d\u2019acci\u00f3 comunit\u00e0ria i inclusi\u00f3 social del CCAE; Imma Quintana, t\u00e8cnica de projectes de l\u2019Associaci\u00f3 Amunt i Crits; Enric Font, docent en arts i habilitats esc\u00e8niques i Anna Gal\u00ed, Fil a l\u2019Agulla.<\/p>\n<p>L\u2019objectiu d\u2019aquesta segona edici\u00f3 del programa era refor\u00e7ar la l\u00ednia d\u2019intervenci\u00f3 iniciada el 2019 amb el primer Programa de Dones Referents Comunit\u00e0ries de l\u2019Alt Empord\u00e0 per tal de potenciar i ampliar el grup de dones referents de la comarca per facilitar processos d\u2019intervenci\u00f3 comunit\u00e0ria. En aquesta formaci\u00f3 hi han participat un total de 15 dones d\u2019origen migrat i\/o dones amb fam\u00edlies d\u2019origen migrat de la comarca i ha esdevingut un espai de reflexi\u00f3 conjunta entre participants i professionals en relaci\u00f3 a l\u2019acc\u00e9s a drets.<\/p>\n<p>Aquesta formaci\u00f3 s\u2019ha finan\u00e7at amb el primer premi de Recerca en Serveis Socials del Departament de Drets Socials de la Generalitat de Catalunya, atorgat al programa Habiba: Dones i Salut Comunit\u00e0ria a l\u2019Alt Empord\u00e0, que ha rebut recentment per l\u2019\u00c0rea de Benestar del Consell Comarcal de l\u2019Alt Empord\u00e0.<\/p>\n<p>La nova edici\u00f3 del programa ha comptat amb la col\u00b7laboraci\u00f3 de la la Fundaci\u00f3 Clerch i Nicolau de Figueres que ha cedit els seus espais per a la realitzaci\u00f3 de les diferents sessions de formaci\u00f3.<\/p>\n","protected":false},"excerpt":{"rendered":"<p>Aquest mes de gener ha finalitzat la segona edici\u00f3 del programa de formaci\u00f3 per a Dones Referents Comunit\u00e0ries de l\u2019Alt Empord\u00e0, impulsat per l\u2019Equip d\u2019Inclusi\u00f3 i Atenci\u00f3 a la Comunitat del Consell Comarcal i el suport organitzatiu de l\u2019Associaci\u00f3 Amunt i Crits, Dones Referents Comunit\u00e0ries de l\u2019Alt Empord\u00e0.<\/p>\n","protected":false},"author":2,"featured_media":8665,"comment_status":"closed","ping_status":"closed","sticky":false,"template":"","format":"standard","meta":{"footnotes":""},"categories":[106,100,101,104,1,12,102],"tags":[],"class_list":["post-8664","post","type-post","status-publish","format-standard","has-post-thumbnail","hentry","category-administracions","category-area-benestar","category-ciutadania","category-entitats-socials","category-general","category-pla-dinclusio-2","category-professionals-ambit-social","category-106","category-100","category-101","category-104","category-1","category-12","category-102","description-off"],"_links":{"self":[{"href":"https:\/\/inclusioaltemporda.cat\/portal\/wp-json\/wp\/v2\/posts\/8664","targetHints":{"allow":["GET"]}}],"collection":[{"href":"https:\/\/inclusioaltemporda.cat\/portal\/wp-json\/wp\/v2\/posts"}],"about":[{"href":"https:\/\/inclusioaltemporda.cat\/portal\/wp-json\/wp\/v2\/types\/post"}],"author":[{"embeddable":true,"href":"https:\/\/inclusioaltemporda.cat\/portal\/wp-json\/wp\/v2\/users\/2"}],"replies":[{"embeddable":true,"href":"https:\/\/inclusioaltemporda.cat\/portal\/wp-json\/wp\/v2\/comments?post=8664"}],"version-history":[{"count":1,"href":"https:\/\/inclusioaltemporda.cat\/portal\/wp-json\/wp\/v2\/posts\/8664\/revisions"}],"predecessor-version":[{"id":8666,"href":"https:\/\/inclusioaltemporda.cat\/portal\/wp-json\/wp\/v2\/posts\/8664\/revisions\/8666"}],"wp:featuredmedia":[{"embeddable":true,"href":"https:\/\/inclusioaltemporda.cat\/portal\/wp-json\/wp\/v2\/media\/8665"}],"wp:attachment":[{"href":"https:\/\/inclusioaltemporda.cat\/portal\/wp-json\/wp\/v2\/media?parent=8664"}],"wp:term":[{"taxonomy":"category","embeddable":true,"href":"https:\/\/inclusioaltemporda.cat\/portal\/wp-json\/wp\/v2\/categories?post=8664"},{"taxonomy":"post_tag","embeddable":true,"href":"https:\/\/inclusioaltemporda.cat\/portal\/wp-json\/wp\/v2\/tags?post=8664"}],"curies":[{"name":"wp","href":"https:\/\/api.w.org\/{rel}","templated":true}]}}